{"id":19615,"date":"2023-09-29T17:58:02","date_gmt":"2023-09-29T22:58:02","guid":{"rendered":"https:\/\/sacramentoqr.com\/?p=19615"},"modified":"2023-09-29T22:58:19","modified_gmt":"2023-09-29T22:58:19","slug":"rosalia-y-kylie-jenner-se-hacen-virales-en-tiktok-por-su-iconico-video-en-la-semana-de-la-moda-de-paris","status":"publish","type":"post","link":"https:\/\/sacramentoqr.com\/?p=19615","title":{"rendered":"ROSAL\u00cdA Y KYLIE JENNER SE HACEN VIRALES EN TIKTOK POR SU IC\u00d3NICO VIDEO EN LA SEMANA DE LA MODA DE PAR\u00cdS"},"content":{"rendered":"<div class=\"col-span-12\">\n<div class=\"my-4 lg:text-[20px] text-[#666666] font-Roboto-Bold\">\n<div>\n<h3 style=\"text-align: center;\">Rosal\u00eda y Kylie Jenner aprovecharon su reuni\u00f3n para recrear uno de sus videos m\u00e1s populares y los fans est\u00e1n encantados \u00a1M\u00edralo aqu\u00ed!<\/h3>\n<div class=\"post-details\">\n<p><b><strong>\u00a1Rosal\u00eda\u00a0y Kylie Jenner lo han hecho de nuevo!<\/strong><\/b>\u00a0Ayer, durante su encuentro en la\u00a0<b><strong>Semana de la Moda en Par\u00eds<\/strong><\/b>, las amigas acapararon la atenci\u00f3n de todos gracias a sus ic\u00f3nicos atuendos en el desfile de\u00a0<b><strong>Acne Studios<\/strong><\/b>. Sin embargo, en\u00a0<b><strong>TikTok<\/strong><\/b>\u00a0tambi\u00e9n brillaron despu\u00e9s de que se viralizara un video en el que recrean su ic\u00f3nico grito de amistad.<\/p>\n<\/div>\n<div class=\"post-details\">\n<p>Durante el espect\u00e1culo de moda que comenz\u00f3 el lunes,\u00a0<b><strong>la supermodelo estadounidense luci\u00f3 un incre\u00edble vestido largo de color rojo que no dej\u00f3 nada a la imaginaci\u00f3n<\/strong><\/b>, complementado con unos grandes lentes oscuros y un peinado fresco. Mientras que\u00a0<b><strong>la cantante espa\u00f1ola opt\u00f3 por un elegante vestido negro<\/strong><\/b>.<\/p>\n<\/div>\n<div class=\"post-details\">\n<p>Ambas se mostraron contentas y felices, compartiendo momentos juntas, con charlas, risas y\u00a0<i><em>selfies<\/em><\/i>, e incluso posaron juntas para los medios de comunicaci\u00f3n presentes.<\/p>\n<div class=\"post-details\">\n<h2>Rosal\u00eda y Kylie Jenner recrean su popular video en TikTok<\/h2>\n<\/div>\n<div class=\"post-details\">\n<p><b><strong>Fue Kylie Jenner quien public\u00f3 el nuevo video en su cuenta de TikTok<\/strong><\/b>, y los m\u00e1s de 54 millones de seguidores que tiene registrados se dieron cuenta de inmediato de que se trataba de\u00a0<b><strong>una recreaci\u00f3n del grito popular que grabaron en 2020.<\/strong><\/b>\u00a0A continuaci\u00f3n, te dejamos ambos videos para que les eches un vistazo.<\/p>\n<\/div>\n<\/div>\n<\/div>\n<\/div>\n<\/div>\n<div class=\"col-span-full lg:col-span-9\">\n<div class=\"relative rounded-[5px] overflow-hidden m-auto w-full h-[250px] sm:h-[350px] lg:h-[510px]\">\n<div id=\"standard_1\" class=\"st-placement standard_1 inImage\">\n<div class=\"st-adunit st-adunit-tagged st-reset st-show\">\n<div class=\"st-adunit-ad st-reset\">\n<div class=\"st-display-render st-reset open 300x600\">\n<div class=\"st-canvas st-reset vertical-static\">\n<div class=\"x-to-close st-reset\"><\/div>\n<\/div>\n<\/div>\n<\/div>\n<\/div>\n<\/div>\n<\/div>\n<\/div>\n","protected":false},"excerpt":{"rendered":"<p>Rosal\u00eda y Kylie Jenner aprovecharon su reuni\u00f3n para recrear uno de sus videos m\u00e1s populares&#8230;<\/p>\n","protected":false},"author":1,"featured_media":19617,"comment_status":"open","ping_status":"closed","sticky":false,"template":"","format":"standard","meta":{"footnotes":""},"categories":[4],"tags":[],"class_list":["post-19615","post","type-post","status-publish","format-standard","has-post-thumbnail","hentry","category-espectaculos"],"_links":{"self":[{"href":"https:\/\/sacramentoqr.com\/index.php?rest_route=\/wp\/v2\/posts\/19615","targetHints":{"allow":["GET"]}}],"collection":[{"href":"https:\/\/sacramentoqr.com\/index.php?rest_route=\/wp\/v2\/posts"}],"about":[{"href":"https:\/\/sacramentoqr.com\/index.php?rest_route=\/wp\/v2\/types\/post"}],"author":[{"embeddable":true,"href":"https:\/\/sacramentoqr.com\/index.php?rest_route=\/wp\/v2\/users\/1"}],"replies":[{"embeddable":true,"href":"https:\/\/sacramentoqr.com\/index.php?rest_route=%2Fwp%2Fv2%2Fcomments&post=19615"}],"version-history":[{"count":1,"href":"https:\/\/sacramentoqr.com\/index.php?rest_route=\/wp\/v2\/posts\/19615\/revisions"}],"predecessor-version":[{"id":19616,"href":"https:\/\/sacramentoqr.com\/index.php?rest_route=\/wp\/v2\/posts\/19615\/revisions\/19616"}],"wp:featuredmedia":[{"embeddable":true,"href":"https:\/\/sacramentoqr.com\/index.php?rest_route=\/wp\/v2\/media\/19617"}],"wp:attachment":[{"href":"https:\/\/sacramentoqr.com\/index.php?rest_route=%2Fwp%2Fv2%2Fmedia&parent=19615"}],"wp:term":[{"taxonomy":"category","embeddable":true,"href":"https:\/\/sacramentoqr.com\/index.php?rest_route=%2Fwp%2Fv2%2Fcategories&post=19615"},{"taxonomy":"post_tag","embeddable":true,"href":"https:\/\/sacramentoqr.com\/index.php?rest_route=%2Fwp%2Fv2%2Ftags&post=19615"}],"curies":[{"name":"wp","href":"https:\/\/api.w.org\/{rel}","templated":true}]}}