{"id":19764,"date":"2023-10-06T17:36:41","date_gmt":"2023-10-06T22:36:41","guid":{"rendered":"https:\/\/sacramentoqr.com\/?p=19764"},"modified":"2023-10-06T22:36:43","modified_gmt":"2023-10-06T22:36:43","slug":"mexico-exporta-mayor-nivel-de-autos-en-cuatro-anos","status":"publish","type":"post","link":"https:\/\/sacramentoqr.com\/?p=19764","title":{"rendered":"M\u00e9xico exporta mayor nivel de autos en cuatro a\u00f1os"},"content":{"rendered":"<div class=\"flex items-center border border-gray-200 border-l-0 border-r-0 py-3 mb-4\">\n<div class=\"flex-1\">\n<h3 class=\"text-base leading-5 pl-2 font-lato\" style=\"text-align: center;\">Las exportaciones de autom\u00f3viles armados en M\u00e9xico registr\u00f3 en septiembre su mejor mes en m\u00e1s de cuatro a\u00f1os, superando las 300.000 unidades<\/h3>\n<p>Las automotrices con operaciones de manufactura en M\u00e9xico exportaron\u00a0<b>301.341 veh\u00edculos nuevos,<\/b>\u00a0<b>el mayor nivel desde junio de 2019<\/b>, antes de la llegada del Covid-19, cuando se exportaron 327.454 unidades, de acuerdo con cifras del Instituto Nacional de Geograf\u00eda y Estad\u00edstica (INEGI).<\/p>\n<p class=\"default__StyledText-sc-108h6at-0 eZJtyi body-paragraph\">El dato de exportaciones de septiembre re<b>present\u00f3 un crecimiento de 16% respecto a lo registrado en el mismo mes de 2022.<\/b><\/p>\n<p class=\"default__StyledText-sc-108h6at-0 eZJtyi body-paragraph\">La cifra r\u00e9cord de exportaciones de septiembre de 2023 coincide con el inicio de la huelga de trabajadores de las tres principales automotrices en Estados Unidos, General Motors, Ford y Stellantis. EE.UU. es el principal destino de las exportaciones de autos producidos en M\u00e9xico.<\/p>\n<p class=\"default__StyledText-sc-108h6at-0 eZJtyi body-paragraph\"><b>General Motors<\/b>\u00a0se mantiene como principal exportador en el mes de septiembre con 61.703 unidades, aunque, present\u00f3 una ligera disminuci\u00f3n de 0.49% respecto al mismo periodo del a\u00f1o previo, de acuerdo con una nota de Grupo Financiero BASE.<\/p>\n<p class=\"default__StyledText-sc-108h6at-0 eZJtyi body-paragraph\">El n\u00famero de autom\u00f3viles destinados al exterior, en lo que va del 2023, s<b>uman 2,4 millones de unidades, un crecimiento de 14% respecto a los primeros nueve meses de 2022.<\/b><\/p>\n<p class=\"default__StyledText-sc-108h6at-0 eZJtyi body-paragraph\">\u201cLas exportaciones de septiembre ya se recuperaron completamente respecto a niveles pre pandemia y se encuentran 5.07% por encima de las observadas en el mismo mes del 2019\u2033, escribi\u00f3 la directora de An\u00e1lisis Econ\u00f3mico en Grupo Financiero BASE, Gabriela Siller, en una nota.<\/p>\n<h2 class=\"heading__StyledHeading-sc-1m7zxnp-0 dzjSfh\">Producci\u00f3n de autos alcanza niveles pre pandemia<\/h2>\n<p class=\"default__StyledText-sc-108h6at-0 eZJtyi body-paragraph\">La producci\u00f3n de autom\u00f3viles de septiembre registr\u00f3 338,899 unidades, su mayor nivel desde octubre de 2020, y un crecimiento de 24% si se compara con septiembre de 2022.<\/p>\n<p class=\"default__StyledText-sc-108h6at-0 eZJtyi body-paragraph\">En los primeros nueve meses del a\u00f1o la producci\u00f3n de veh\u00edculos fue de 2.851.560 unidades, 13.54% m\u00e1s respecto al mismo periodo del 2022.<\/p>\n<p class=\"default__StyledText-sc-108h6at-0 eZJtyi body-paragraph\">\u201cCon esto, se alcanza una recuperaci\u00f3n completa a niveles pre pandemia, con la producci\u00f3n ubic\u00e1ndose 4.29% por encima de la observada en el mismo mes del 2019\u2033, dijo Siller.<\/p>\n<\/div>\n<\/div>\n<figure class=\"lead-art-wrapper\">\n<div><picture class=\"Image__StyledPicture-sc-1g24b0j-0 cHvurg\"><source srcset=\"https:\/\/www.bloomberglinea.com\/resizer\/muAbi41IOb_JHNrwOBrmgoyH0Vc=\/800x0\/filters:format(webp):quality(75)\/cloudfront-us-east-1.images.arcpublishing.com\/bloomberglinea\/HYKKG6WWPDHOMJY2GCQQUNAR44.jpg\" media=\"screen and (min-width: 1024px)\" \/><source srcset=\"https:\/\/www.bloomberglinea.com\/resizer\/muAbi41IOb_JHNrwOBrmgoyH0Vc=\/800x0\/filters:format(webp):quality(75)\/cloudfront-us-east-1.images.arcpublishing.com\/bloomberglinea\/HYKKG6WWPDHOMJY2GCQQUNAR44.jpg\" media=\"screen and (min-width: 768px)\" \/><source srcset=\"https:\/\/www.bloomberglinea.com\/resizer\/G7g1dHGI2zmrmsYnDYdkLW0IYPU=\/600x0\/filters:format(webp):quality(75)\/cloudfront-us-east-1.images.arcpublishing.com\/bloomberglinea\/HYKKG6WWPDHOMJY2GCQQUNAR44.jpg\" media=\"screen and (min-width: 0px)\" \/><\/picture><\/div>\n<\/figure>\n","protected":false},"excerpt":{"rendered":"<p>Las exportaciones de autom\u00f3viles armados en M\u00e9xico registr\u00f3 en septiembre su mejor mes en m\u00e1s&#8230;<\/p>\n","protected":false},"author":1,"featured_media":19766,"comment_status":"open","ping_status":"closed","sticky":false,"template":"","format":"standard","meta":{"footnotes":""},"categories":[7],"tags":[],"class_list":["post-19764","post","type-post","status-publish","format-standard","has-post-thumbnail","hentry","category-nacional"],"_links":{"self":[{"href":"https:\/\/sacramentoqr.com\/index.php?rest_route=\/wp\/v2\/posts\/19764","targetHints":{"allow":["GET"]}}],"collection":[{"href":"https:\/\/sacramentoqr.com\/index.php?rest_route=\/wp\/v2\/posts"}],"about":[{"href":"https:\/\/sacramentoqr.com\/index.php?rest_route=\/wp\/v2\/types\/post"}],"author":[{"embeddable":true,"href":"https:\/\/sacramentoqr.com\/index.php?rest_route=\/wp\/v2\/users\/1"}],"replies":[{"embeddable":true,"href":"https:\/\/sacramentoqr.com\/index.php?rest_route=%2Fwp%2Fv2%2Fcomments&post=19764"}],"version-history":[{"count":1,"href":"https:\/\/sacramentoqr.com\/index.php?rest_route=\/wp\/v2\/posts\/19764\/revisions"}],"predecessor-version":[{"id":19765,"href":"https:\/\/sacramentoqr.com\/index.php?rest_route=\/wp\/v2\/posts\/19764\/revisions\/19765"}],"wp:featuredmedia":[{"embeddable":true,"href":"https:\/\/sacramentoqr.com\/index.php?rest_route=\/wp\/v2\/media\/19766"}],"wp:attachment":[{"href":"https:\/\/sacramentoqr.com\/index.php?rest_route=%2Fwp%2Fv2%2Fmedia&parent=19764"}],"wp:term":[{"taxonomy":"category","embeddable":true,"href":"https:\/\/sacramentoqr.com\/index.php?rest_route=%2Fwp%2Fv2%2Fcategories&post=19764"},{"taxonomy":"post_tag","embeddable":true,"href":"https:\/\/sacramentoqr.com\/index.php?rest_route=%2Fwp%2Fv2%2Ftags&post=19764"}],"curies":[{"name":"wp","href":"https:\/\/api.w.org\/{rel}","templated":true}]}}