{"id":21081,"date":"2024-01-18T12:25:59","date_gmt":"2024-01-18T17:25:59","guid":{"rendered":"https:\/\/sacramentoqr.com\/?p=21081"},"modified":"2024-01-18T17:26:01","modified_gmt":"2024-01-18T17:26:01","slug":"ecuador-condena-asesinato-de-fiscal-y-ratifica-apoyo-a-la-justicia","status":"publish","type":"post","link":"https:\/\/sacramentoqr.com\/?p=21081","title":{"rendered":"Ecuador condena asesinato de fiscal y ratifica apoyo a la justicia"},"content":{"rendered":"<p>\u201cRechazamos toda forma de violencia como respuesta al conflicto que vivimos\u201c, indic\u00f3 el ministro de Defensa en el v\u00eddeo, en el que estuvo acompa\u00f1ado por la ministra del Interior y de Gobierno, M\u00f3nica Palencia.<\/p>\n<p>Loffredo remarc\u00f3 que el fuerte compromiso del Gobierno Nacional de apoyar a las instancias de la administraci\u00f3n de justicia\u201d en su accionar contra la delincuencia y la violencia.<\/p>\n<p>\u201cLos ecuatorianos estamos unidos en una sola fuerza\u201d, asegur\u00f3 el titular de la Defensa Nacional.<\/p>\n<p>El fiscal C\u00e9sar Su\u00e1rez fue asesinado esta tarde por sicarios que le dispararon cuando se movilizaba dentro de su veh\u00edculo, en un momento en que se dirig\u00eda a la audiencia en un caso de tr\u00e1fico de drogas y no ten\u00eda un equipo de seguridad asignada.<br \/>\nEl Gobierno de Ecuador rechaz\u00f3 el asesinato a tiros del fiscal C\u00e9sar Su\u00e1rez en la ciudad portuaria de Guayaquil y ratific\u00f3 su compromiso de apoyar a la administraci\u00f3n de justicia en el marco de la \u201cguerra interna\u201d que lleva adelante contra el crimen organizado transnacional.<\/p>\n<p>El ministro de Defensa, Gian Carlo Loffredo, en un v\u00eddeo difundido por el Gobierno, rechaz\u00f3 el asesinato de Su\u00e1rez, que hab\u00eda interrogado recientemente a los detenidos que tomaron un canal de televisi\u00f3n la pasada semana durante una espiral de violencia atribuida al crimen organizado y tambi\u00e9n segu\u00eda casos relacionados con narcotr\u00e1fico, terrorismo y delincuencia organizada.<\/p>\n<p>Loffredo relacion\u00f3 el crimen con las acciones que desarrollan las Fuerzas Armadas y la Polic\u00eda contra los grupos de delincuencia organizada que la semana pasada desataron una espiral de violencia en varias c\u00e1rceles del pa\u00eds y en las calles de ciudades a escala nacional.<\/p>\n<p>La fiscal general del Estado, Diana Salazar, deplor\u00f3 el crimen de Su\u00e1rez y dijo que el Ministerio P\u00fablico no detendr\u00e1 su lucha contra los grupos del crimen organizado.<\/p>\n<p>\u201cEste hecho atroz trae consigo un mensaje para el trabajo que estamos cumpliendo desde la justicia en el Ecuador\u201c, pero \u201clos grupos de delincuencia organizada, los criminales, los terroristas no detendr\u00e1n nuestro compromiso con la sociedad ecuatoriana\u201d, apunt\u00f3 Salazar.<\/p>\n<p>Hizo un llamamiento a las fuerzas del orden para \u201cgarantizar la seguridad de quienes nos encontramos en cumplimiento de nuestras funciones\u201d, as\u00ed como al Consejo de la Judicatura para que autorice que las audiencias judiciales que llevan adelante fiscales de las unidades contra el crimen organizado \u201cse desarrollen de forma telem\u00e1tica\u201d.<\/p>\n<p>La fiscal dijo que la Fiscal\u00eda ha emprendido las primeras investigaciones sobre el asesinato de Su\u00e1rez y tras expresar las condolencias a su familiares, asegur\u00f3 que su legado acompa\u00f1ar\u00e1 las luchas del Ministerio P\u00fablico contra el crimen.<\/p>\n<p>&nbsp;<\/p>\n","protected":false},"excerpt":{"rendered":"<p>\u201cRechazamos toda forma de violencia como respuesta al conflicto que vivimos\u201c, indic\u00f3 el ministro de&#8230;<\/p>\n","protected":false},"author":1,"featured_media":21083,"comment_status":"open","ping_status":"closed","sticky":false,"template":"","format":"standard","meta":{"footnotes":""},"categories":[5],"tags":[],"class_list":["post-21081","post","type-post","status-publish","format-standard","has-post-thumbnail","hentry","category-internacional"],"_links":{"self":[{"href":"https:\/\/sacramentoqr.com\/index.php?rest_route=\/wp\/v2\/posts\/21081","targetHints":{"allow":["GET"]}}],"collection":[{"href":"https:\/\/sacramentoqr.com\/index.php?rest_route=\/wp\/v2\/posts"}],"about":[{"href":"https:\/\/sacramentoqr.com\/index.php?rest_route=\/wp\/v2\/types\/post"}],"author":[{"embeddable":true,"href":"https:\/\/sacramentoqr.com\/index.php?rest_route=\/wp\/v2\/users\/1"}],"replies":[{"embeddable":true,"href":"https:\/\/sacramentoqr.com\/index.php?rest_route=%2Fwp%2Fv2%2Fcomments&post=21081"}],"version-history":[{"count":1,"href":"https:\/\/sacramentoqr.com\/index.php?rest_route=\/wp\/v2\/posts\/21081\/revisions"}],"predecessor-version":[{"id":21082,"href":"https:\/\/sacramentoqr.com\/index.php?rest_route=\/wp\/v2\/posts\/21081\/revisions\/21082"}],"wp:featuredmedia":[{"embeddable":true,"href":"https:\/\/sacramentoqr.com\/index.php?rest_route=\/wp\/v2\/media\/21083"}],"wp:attachment":[{"href":"https:\/\/sacramentoqr.com\/index.php?rest_route=%2Fwp%2Fv2%2Fmedia&parent=21081"}],"wp:term":[{"taxonomy":"category","embeddable":true,"href":"https:\/\/sacramentoqr.com\/index.php?rest_route=%2Fwp%2Fv2%2Fcategories&post=21081"},{"taxonomy":"post_tag","embeddable":true,"href":"https:\/\/sacramentoqr.com\/index.php?rest_route=%2Fwp%2Fv2%2Ftags&post=21081"}],"curies":[{"name":"wp","href":"https:\/\/api.w.org\/{rel}","templated":true}]}}