{"id":21084,"date":"2024-01-18T12:35:45","date_gmt":"2024-01-18T17:35:45","guid":{"rendered":"https:\/\/sacramentoqr.com\/?p=21084"},"modified":"2024-01-18T17:35:46","modified_gmt":"2024-01-18T17:35:46","slug":"maleta-de-mazapan-se-viraliza-en-redes","status":"publish","type":"post","link":"https:\/\/sacramentoqr.com\/?p=21084","title":{"rendered":"Maleta de mazap\u00e1n se viraliza en redes"},"content":{"rendered":"<div>La reciente viralizaci\u00f3n de una publicaci\u00f3n sobre una maleta de Mazap\u00e1n De la Rosa ha generado una ola de entusiasmo entre los amantes de este ic\u00f3nico dulce mexicano. La marca, con m\u00e1s de 70 a\u00f1os de historia, ha capitalizado la atenci\u00f3n que ha generado la peculiar maleta, la cual se ha vuelto un objeto de deseo para muchos. Sin embargo, es importante aclarar que, por el momento, el modelo espec\u00edfico que circula en las redes sociales como viral no est\u00e1 disponible para la venta.<\/div>\n<div><\/div>\n<div>En el marco del mes de enero, considerado el mes del Mazap\u00e1n, la marca ha aprovechado para ofrecer una variedad de productos, desde termos y mochilas hasta los cl\u00e1sicos dulces que han conquistado los paladares de varias generaciones. El 12 de enero se celebr\u00f3 el D\u00eda del Mazap\u00e1n, una delicia arraigada en la gastronom\u00eda espa\u00f1ola y que ha dejado una huella significativa en la tradici\u00f3n culinaria mexicana.<\/div>\n<div><\/div>\n<div><\/div>\n<div>La maleta de Mazap\u00e1n De la Rosa se volvi\u00f3 objeto de deseo despu\u00e9s de que diversas im\u00e1genes y videos de personas viajando con esta peculiar pieza se volvieran virales en las redes sociales. Sin embargo, la realidad es que el modelo exacto que ha captado la atenci\u00f3n del p\u00fablico a\u00fan no est\u00e1 disponible para su compra. La marca ha aclarado que se trata de un prototipo y, por el momento, no hay m\u00e1s unidades disponibles ni se ha anunciado oficialmente su lanzamiento al mercado.<\/div>\n<div><\/div>\n<div>En TikTok, el usuario @arturojmz, quien originalmente comparti\u00f3 la publicaci\u00f3n que gener\u00f3 la tendencia, aclar\u00f3 que la maleta es un prototipo y expres\u00f3 su esperanza de que pronto est\u00e9 disponible para el p\u00fablico en general. Ante las numerosas preguntas y comentarios de los usuarios interesados en adquirir la maleta, Arturo Jmz indic\u00f3 que, aunque son prototipos, espera que pronto salgan a la venta al p\u00fablico.<\/div>\n<div><\/div>\n<div>La respuesta positiva y entusiasta de los usuarios en redes sociales ha dejado claro que la maleta de Mazap\u00e1n De la Rosa ha despertado un gran inter\u00e9s y expectativa. Aunque el modelo exacto que circula como viral a\u00fan no est\u00e1 a la venta, la marca podr\u00eda aprovechar el entusiasmo generado para lanzar pr\u00f3ximamente este producto al mercado.<\/div>\n<div><\/div>\n<div>As\u00ed, mientras persiste la incertidumbre sobre cu\u00e1ndo estar\u00e1 disponible la maleta de Mazap\u00e1n De la Rosa para su compra, los fan\u00e1ticos de este ic\u00f3nico dulce mantienen la esperanza de poder adquirir pronto este peculiar y atractivo art\u00edculo que fusiona la tradici\u00f3n de la marca con un toque innovador y viajero.<\/div>\n","protected":false},"excerpt":{"rendered":"<p>La reciente viralizaci\u00f3n de una publicaci\u00f3n sobre una maleta de Mazap\u00e1n De la Rosa ha&#8230;<\/p>\n","protected":false},"author":1,"featured_media":21086,"comment_status":"open","ping_status":"closed","sticky":false,"template":"","format":"standard","meta":{"footnotes":""},"categories":[4],"tags":[],"class_list":["post-21084","post","type-post","status-publish","format-standard","has-post-thumbnail","hentry","category-espectaculos"],"_links":{"self":[{"href":"https:\/\/sacramentoqr.com\/index.php?rest_route=\/wp\/v2\/posts\/21084","targetHints":{"allow":["GET"]}}],"collection":[{"href":"https:\/\/sacramentoqr.com\/index.php?rest_route=\/wp\/v2\/posts"}],"about":[{"href":"https:\/\/sacramentoqr.com\/index.php?rest_route=\/wp\/v2\/types\/post"}],"author":[{"embeddable":true,"href":"https:\/\/sacramentoqr.com\/index.php?rest_route=\/wp\/v2\/users\/1"}],"replies":[{"embeddable":true,"href":"https:\/\/sacramentoqr.com\/index.php?rest_route=%2Fwp%2Fv2%2Fcomments&post=21084"}],"version-history":[{"count":1,"href":"https:\/\/sacramentoqr.com\/index.php?rest_route=\/wp\/v2\/posts\/21084\/revisions"}],"predecessor-version":[{"id":21085,"href":"https:\/\/sacramentoqr.com\/index.php?rest_route=\/wp\/v2\/posts\/21084\/revisions\/21085"}],"wp:featuredmedia":[{"embeddable":true,"href":"https:\/\/sacramentoqr.com\/index.php?rest_route=\/wp\/v2\/media\/21086"}],"wp:attachment":[{"href":"https:\/\/sacramentoqr.com\/index.php?rest_route=%2Fwp%2Fv2%2Fmedia&parent=21084"}],"wp:term":[{"taxonomy":"category","embeddable":true,"href":"https:\/\/sacramentoqr.com\/index.php?rest_route=%2Fwp%2Fv2%2Fcategories&post=21084"},{"taxonomy":"post_tag","embeddable":true,"href":"https:\/\/sacramentoqr.com\/index.php?rest_route=%2Fwp%2Fv2%2Ftags&post=21084"}],"curies":[{"name":"wp","href":"https:\/\/api.w.org\/{rel}","templated":true}]}}