{"id":21087,"date":"2024-01-18T12:39:23","date_gmt":"2024-01-18T17:39:23","guid":{"rendered":"https:\/\/sacramentoqr.com\/?p=21087"},"modified":"2024-01-18T17:39:25","modified_gmt":"2024-01-18T17:39:25","slug":"pensiones-pueden-mejorar-sin-comprometer-las-finanzas-publicas-amafore","status":"publish","type":"post","link":"https:\/\/sacramentoqr.com\/?p=21087","title":{"rendered":"Pensiones pueden mejorar sin comprometer las finanzas p\u00fablicas: Amafore"},"content":{"rendered":"<p>Las administradoras de fondos para el retiro (afores) est\u00e1n tranquilas ante la nueva reforma de pensiones anunciada por el presidente Andr\u00e9s Manuel L\u00f3pez Obrador, y que se espera conocer a detalle a inicios de febrero. Incluso, ven espacio para que el gobierno mejore el ahorro de los trabajadores sin comprometer a las finanzas p\u00fablicas, las cuales ya tienen un limitado espacio fiscal.<\/p>\n<p>En entrevista con El Economista, Guillermo Zamarripa, presidente de la Asociaci\u00f3n Mexicana de Afores, indic\u00f3 que el Presidente dio certidumbre respecto a las administradoras de fondos y el ahorro que ya existe en ellas, que asciende a 5.9 billones de pesos de acuerdo con los datos al cierre del 2023.<\/p>\n<p>El modelo operativo de las afores no se va a tocar, no se revisar\u00e1, y eso da mucha certidumbre a las trabajadoras, trabajadores y a nosotros. El tema de mejorar es deseable. Yo creo que puede haber opciones que no comprometan a las finanzas p\u00fablicas, que s\u00ed impliquen un gasto y que s\u00ed permitan avanzar, pero eso es lo que hay que explorar. Es ah\u00ed donde se necesitan ver los detalles\u201d.<\/p>\n<p>En este sentido, el presidente de la Amafore indic\u00f3 que el no tocar a las afores es una condici\u00f3n muy importante, porque eso le da certeza a los trabajadores de que su cuenta individual, y en consecuencia su ahorro, no ser\u00e1 utilizado contrario a lo que algunas personas han empezado a rumorar.<\/p>\n<p>Ser\u00e1 hasta el 5 de febrero cuando el Presidente presente un paquete de reformas, en donde se contempla la de pensiones. Por el momento, s\u00f3lo se puede tener un esbozo de lo que puede ser ante las declaraciones del jefe del ejecutivo, en donde se busca que los trabajadores se pensionen con 100% de su salario. Ante la reforma del 2020, que incrementa de manera gradual las aportaciones patronales para llegar a una tasa de 15% en el 2030, el Presidente dijo que el gobierno asumir\u00e1 parte de las aportaciones.<\/p>\n<p>\u201cSu intenci\u00f3n es mejorar la tasa de reemplazo, que es un objetivo con el que no podemos estar en desacuerdo. Conceptualmente, tratar de hacer un esquema para mejorar la tasa de reemplazo es algo bueno\u201d, consider\u00f3.<\/p>\n<p>Alcanzar esa tasa de reemplazo ha generado dudas. Expertos han se\u00f1alado que ning\u00fan pa\u00eds de la OCDE, por ejemplo, ha podido llegar a esa tasa y que, una aportaci\u00f3n del gobierno podr\u00eda apretar y reducir a\u00fan m\u00e1s el espacio fiscal, por lo que ser\u00eda necesario una reforma fiscal.<\/p>\n<p>M\u00e1s austeridad<br \/>\nPoco a poco, el presidente L\u00f3pez Obrador ha dado detalles sobre la reforma de pensiones que mandar\u00e1 a meses de que acabe el sexenio. Este mi\u00e9rcoles, en su conferencia matutina en Palacio Nacional, se\u00f1al\u00f3 que los recursos se podr\u00edan obtener a trav\u00e9s de aplicar mayores medidas de austeridad, algo que ha marcado su gobierno y generado dudas.<\/p>\n<p>\u201cSobre los recursos (para financiar las pensiones), la parte que nos corresponde a nosotros la vamos a obtener porque vamos a proponer m\u00e1s austeridad republicana. Porque empezamos con un plan de austeridad, que nos ayud\u00f3 mucho, pero pensamos que todav\u00eda podemos ahorrar m\u00e1s. No puede haber gobierno rico, con pueblo pobre\u201d, enfatiz\u00f3.<\/p>\n<p>Agreg\u00f3 que a\u00fan existen \u201cmuchas estructuras improductivas\u201d que protegen a la corrupci\u00f3n, como lo son los organismos aut\u00f3nomos, los cuales acus\u00f3 de crearse en contra de la gente ya que s\u00f3lo protegen a particulares, nacionales y extranjeros.<\/p>\n<p>Tasas de inter\u00e9s, geopol\u00edtica y elecciones<br \/>\nEl 2023 fue un a\u00f1o de recuperaci\u00f3n para las afores, las cuales presentaron plusval\u00edas por 464,068 millones de pesos, con lo cual lograron revertir el mal a\u00f1o que fue el 2022, donde hubo minusval\u00edas hist\u00f3ricas debido a la alta inflaci\u00f3n y el endurecimiento de la pol\u00edtica monetaria.<\/p>\n<p>\u201cEn agosto del a\u00f1o pasado hubo minusval\u00edas que redujeron las plusval\u00edas acumuladas, y en septiembre tambi\u00e9n. En octubre est\u00e1bamos sufriendo. Lo que pas\u00f3 de finales de julio a finales de octubre fue un mal rally en los mercados accionarios de M\u00e9xico y en el mundo, y las afores ah\u00ed van con ese rally. En noviembre, los mercados se volvieron a ir para arriba (&#8230;) estas plusval\u00edas que se dieron fueron muy buenas, pero el recorrido del a\u00f1o no fue suave\u201d, acept\u00f3 el presidente de la Amafore.<\/p>\n<p>Para el a\u00f1o que reci\u00e9n empieza, indic\u00f3 que una de las grandes inc\u00f3gnitas para los mercados es ver cu\u00e1ndo los bancos centrales bajar\u00e1n sus tasas, adem\u00e1s de la parte pol\u00edtica y geopol\u00edtica, en donde las elecciones en diversos pa\u00edses, as\u00ed como los conflictos entre Rusia y Ucrania, o los de Medio Oriente, pueden afectar a los mercados.<\/p>\n","protected":false},"excerpt":{"rendered":"<p>Las administradoras de fondos para el retiro (afores) est\u00e1n tranquilas ante la nueva reforma de&#8230;<\/p>\n","protected":false},"author":1,"featured_media":21089,"comment_status":"open","ping_status":"closed","sticky":false,"template":"","format":"standard","meta":{"footnotes":""},"categories":[7],"tags":[],"class_list":["post-21087","post","type-post","status-publish","format-standard","has-post-thumbnail","hentry","category-nacional"],"_links":{"self":[{"href":"https:\/\/sacramentoqr.com\/index.php?rest_route=\/wp\/v2\/posts\/21087","targetHints":{"allow":["GET"]}}],"collection":[{"href":"https:\/\/sacramentoqr.com\/index.php?rest_route=\/wp\/v2\/posts"}],"about":[{"href":"https:\/\/sacramentoqr.com\/index.php?rest_route=\/wp\/v2\/types\/post"}],"author":[{"embeddable":true,"href":"https:\/\/sacramentoqr.com\/index.php?rest_route=\/wp\/v2\/users\/1"}],"replies":[{"embeddable":true,"href":"https:\/\/sacramentoqr.com\/index.php?rest_route=%2Fwp%2Fv2%2Fcomments&post=21087"}],"version-history":[{"count":1,"href":"https:\/\/sacramentoqr.com\/index.php?rest_route=\/wp\/v2\/posts\/21087\/revisions"}],"predecessor-version":[{"id":21088,"href":"https:\/\/sacramentoqr.com\/index.php?rest_route=\/wp\/v2\/posts\/21087\/revisions\/21088"}],"wp:featuredmedia":[{"embeddable":true,"href":"https:\/\/sacramentoqr.com\/index.php?rest_route=\/wp\/v2\/media\/21089"}],"wp:attachment":[{"href":"https:\/\/sacramentoqr.com\/index.php?rest_route=%2Fwp%2Fv2%2Fmedia&parent=21087"}],"wp:term":[{"taxonomy":"category","embeddable":true,"href":"https:\/\/sacramentoqr.com\/index.php?rest_route=%2Fwp%2Fv2%2Fcategories&post=21087"},{"taxonomy":"post_tag","embeddable":true,"href":"https:\/\/sacramentoqr.com\/index.php?rest_route=%2Fwp%2Fv2%2Ftags&post=21087"}],"curies":[{"name":"wp","href":"https:\/\/api.w.org\/{rel}","templated":true}]}}