{"id":21135,"date":"2024-01-22T12:53:15","date_gmt":"2024-01-22T17:53:15","guid":{"rendered":"https:\/\/sacramentoqr.com\/?p=21135"},"modified":"2024-01-22T17:53:16","modified_gmt":"2024-01-22T17:53:16","slug":"quintana-roo-deslumbra-en-fitur","status":"publish","type":"post","link":"https:\/\/sacramentoqr.com\/?p=21135","title":{"rendered":"Quintana Roo, deslumbra en FITUR"},"content":{"rendered":"<p>Representantes de Quintana Roo participan activamente en la Feria Internacional de Turismo (FITUR) en Madrid, Espa\u00f1a, un evento l\u00edder en la industria tur\u00edstica iberoamericana con m\u00e1s de 100 mil profesionales de turismo y 10 mil empresas expositoras de 160 pa\u00edses.<\/p>\n<p>El Caribe Mexicano, representado por el estado de Quintana Roo, cuenta con uno de los stands m\u00e1s grandes, destacando la belleza natural, arqueol\u00f3gica y arquitect\u00f3nica de sus destinos. La delegaci\u00f3n, que incluye al Consejo de Promoci\u00f3n Tur\u00edstica de Quintana Roo (CPTQ), se re\u00fane con touroperadores, agencias de viajes y aerol\u00edneas para fortalecer la atracci\u00f3n de turistas europeos.<\/p>\n<p>La agenda tambi\u00e9n incluye una reuni\u00f3n con el secretario general de la Organizaci\u00f3n Mundial de Turismo (OMT) para planificar estrategias para el a\u00f1o. La gobernadora Mara Lezama recibir\u00e1 un reconocimiento por su liderazgo en el evento, y ofrecer\u00e1 una conferencia ante la prensa europea acompa\u00f1ada del embajador de M\u00e9xico en Espa\u00f1a, Quirino Ordaz.<\/p>\n<p>Existe una coordinaci\u00f3n estrecha con la Secretar\u00eda de Turismo federal para aprovechar la presencia de los destinos del Caribe Mexicano como parte del pabell\u00f3n de M\u00e9xico, ocupando la mitad de un pabell\u00f3n de m\u00e1s de 1000 m2. La participaci\u00f3n en FITUR refleja el compromiso de Quintana Roo con la promoci\u00f3n tur\u00edstica y la colaboraci\u00f3n efectiva con el gobierno federal en este evento clave para el sector tur\u00edstico.<\/p>\n","protected":false},"excerpt":{"rendered":"<p>Representantes de Quintana Roo participan activamente en la Feria Internacional de Turismo (FITUR) en Madrid,&#8230;<\/p>\n","protected":false},"author":1,"featured_media":21137,"comment_status":"open","ping_status":"closed","sticky":false,"template":"","format":"standard","meta":{"footnotes":""},"categories":[10],"tags":[],"class_list":["post-21135","post","type-post","status-publish","format-standard","has-post-thumbnail","hentry","category-quintana-roo"],"_links":{"self":[{"href":"https:\/\/sacramentoqr.com\/index.php?rest_route=\/wp\/v2\/posts\/21135","targetHints":{"allow":["GET"]}}],"collection":[{"href":"https:\/\/sacramentoqr.com\/index.php?rest_route=\/wp\/v2\/posts"}],"about":[{"href":"https:\/\/sacramentoqr.com\/index.php?rest_route=\/wp\/v2\/types\/post"}],"author":[{"embeddable":true,"href":"https:\/\/sacramentoqr.com\/index.php?rest_route=\/wp\/v2\/users\/1"}],"replies":[{"embeddable":true,"href":"https:\/\/sacramentoqr.com\/index.php?rest_route=%2Fwp%2Fv2%2Fcomments&post=21135"}],"version-history":[{"count":1,"href":"https:\/\/sacramentoqr.com\/index.php?rest_route=\/wp\/v2\/posts\/21135\/revisions"}],"predecessor-version":[{"id":21136,"href":"https:\/\/sacramentoqr.com\/index.php?rest_route=\/wp\/v2\/posts\/21135\/revisions\/21136"}],"wp:featuredmedia":[{"embeddable":true,"href":"https:\/\/sacramentoqr.com\/index.php?rest_route=\/wp\/v2\/media\/21137"}],"wp:attachment":[{"href":"https:\/\/sacramentoqr.com\/index.php?rest_route=%2Fwp%2Fv2%2Fmedia&parent=21135"}],"wp:term":[{"taxonomy":"category","embeddable":true,"href":"https:\/\/sacramentoqr.com\/index.php?rest_route=%2Fwp%2Fv2%2Fcategories&post=21135"},{"taxonomy":"post_tag","embeddable":true,"href":"https:\/\/sacramentoqr.com\/index.php?rest_route=%2Fwp%2Fv2%2Ftags&post=21135"}],"curies":[{"name":"wp","href":"https:\/\/api.w.org\/{rel}","templated":true}]}}