{"id":21177,"date":"2024-01-25T11:56:04","date_gmt":"2024-01-25T16:56:04","guid":{"rendered":"https:\/\/sacramentoqr.com\/?p=21177"},"modified":"2024-01-25T16:56:06","modified_gmt":"2024-01-25T16:56:06","slug":"liberan-a-las-seis-monjas-secuestradas-en-haiti","status":"publish","type":"post","link":"https:\/\/sacramentoqr.com\/?p=21177","title":{"rendered":"Liberan a las seis monjas secuestradas en Hait\u00ed"},"content":{"rendered":"<p>Las seis monjas secuestradas el pasado viernes en el centro de la capital de Hait\u00ed fueron liberadas, inform\u00f3 este jueves la Arquidi\u00f3cesis de Puerto Pr\u00edncipe.<\/p>\n<p>Tambi\u00e9n fueron liberados el conductor y un pasajero del autob\u00fas en el que las mojas, de la Congregaci\u00f3n de las Hermanas de Sainte-Anne, se desplazaban a un centro educativo en la capital.<\/p>\n<p>Junto a la comunidad de las Hermanas de Sainte-Anne y la Conferencia Haitiana de Religiosos, la Arquidi\u00f3cesis de Puerto Pr\u00edncipe dio \u00abgracias al Se\u00f1or por la liberaci\u00f3n de las seis religiosas y de las otras personas que fueron secuestradas con ellas el 19 de enero\u00bb, precisa una nota de la entidad cat\u00f3lica.<\/p>\n<p>\u00abEste acontecimiento traum\u00e1tico ha puesto a prueba una vez m\u00e1s su fe, pero esta permanece inquebrantable. Clamamos a \u00e9l (Dios), nos hizo fuertes en la prueba y devolvi\u00f3 la libertad a nuestros cautivos\u00bb, prosigue la nota.<\/p>\n<p>La liberaci\u00f3n se produjo la tarde del mi\u00e9rcoles al final de una jornada de oraci\u00f3n, meditaci\u00f3n y adoraci\u00f3n eucar\u00edstica para pedir la liberaci\u00f3n de todos los secuestrados, entre ellos las seis monjas.<\/p>\n<p>Los secuestradores de las seis religiosas llegaron a exigir el pago de 3 millones de d\u00f3lares a modo de rescate, pero no se ha informado si se pag\u00f3 dinero por la liberaci\u00f3n.<\/p>\n<p>El domingo pasado, al finalizar el rezo del \u00e1ngelus en la plaza de San Pedro, el papa Francisco pidi\u00f3 la liberaci\u00f3n de los secuestrados en Hait\u00ed y el \u00abcese la violencia que tanto sufrimiento causa a ese querido pueblo\u00bb.<\/p>\n<p>En las \u00faltimas semanas, los casos de secuestro han ido en aumento en el \u00e1rea metropolitana de Puerto Pr\u00edncipe, controlada en al menos un 80 % por bandas armadas que matan, roban, violan, masacran y secuestran a personas en medio e una crisis de seguridad que afecta gravemente el empobrecido Hait\u00ed desde 2018. EFE<\/p>\n","protected":false},"excerpt":{"rendered":"<p>Las seis monjas secuestradas el pasado viernes en el centro de la capital de Hait\u00ed&#8230;<\/p>\n","protected":false},"author":1,"featured_media":21179,"comment_status":"open","ping_status":"closed","sticky":false,"template":"","format":"standard","meta":{"footnotes":""},"categories":[5],"tags":[],"class_list":["post-21177","post","type-post","status-publish","format-standard","has-post-thumbnail","hentry","category-internacional"],"_links":{"self":[{"href":"https:\/\/sacramentoqr.com\/index.php?rest_route=\/wp\/v2\/posts\/21177","targetHints":{"allow":["GET"]}}],"collection":[{"href":"https:\/\/sacramentoqr.com\/index.php?rest_route=\/wp\/v2\/posts"}],"about":[{"href":"https:\/\/sacramentoqr.com\/index.php?rest_route=\/wp\/v2\/types\/post"}],"author":[{"embeddable":true,"href":"https:\/\/sacramentoqr.com\/index.php?rest_route=\/wp\/v2\/users\/1"}],"replies":[{"embeddable":true,"href":"https:\/\/sacramentoqr.com\/index.php?rest_route=%2Fwp%2Fv2%2Fcomments&post=21177"}],"version-history":[{"count":1,"href":"https:\/\/sacramentoqr.com\/index.php?rest_route=\/wp\/v2\/posts\/21177\/revisions"}],"predecessor-version":[{"id":21178,"href":"https:\/\/sacramentoqr.com\/index.php?rest_route=\/wp\/v2\/posts\/21177\/revisions\/21178"}],"wp:featuredmedia":[{"embeddable":true,"href":"https:\/\/sacramentoqr.com\/index.php?rest_route=\/wp\/v2\/media\/21179"}],"wp:attachment":[{"href":"https:\/\/sacramentoqr.com\/index.php?rest_route=%2Fwp%2Fv2%2Fmedia&parent=21177"}],"wp:term":[{"taxonomy":"category","embeddable":true,"href":"https:\/\/sacramentoqr.com\/index.php?rest_route=%2Fwp%2Fv2%2Fcategories&post=21177"},{"taxonomy":"post_tag","embeddable":true,"href":"https:\/\/sacramentoqr.com\/index.php?rest_route=%2Fwp%2Fv2%2Ftags&post=21177"}],"curies":[{"name":"wp","href":"https:\/\/api.w.org\/{rel}","templated":true}]}}