{"id":21189,"date":"2024-01-26T13:40:14","date_gmt":"2024-01-26T18:40:14","guid":{"rendered":"https:\/\/sacramentoqr.com\/?p=21189"},"modified":"2024-01-26T18:40:15","modified_gmt":"2024-01-26T18:40:15","slug":"muere-hermelinda-quintero-madre-de-rafael-caro-quintero","status":"publish","type":"post","link":"https:\/\/sacramentoqr.com\/?p=21189","title":{"rendered":"Muere Hermelinda Quintero, madre de Rafael Caro Quintero"},"content":{"rendered":"<p>Hermelinda Quintero, madre de Rafael Caro Quintero fundador del c\u00e1rtel de Guadalajara y ex l\u00edder del C\u00e1rtel de Caborca, falleci\u00f3 este jueves por causas naturales en Jalisco.<\/p>\n<p>La mujer muri\u00f3 durante la noche de ayer jueves, por enfermedad debido a su avanzada edad, pero sus familiares decidieron llevar su cuerpo a la ciudad de Culiac\u00e1n.<\/p>\n<p>Hermelinda Quintero\u00a0es originaria del municipio de Badiraguato, Sinaloa. Tras casarse con\u00a0Emilio Caro Payan, con quien procre\u00f3 ocho hijos, entre ellos Rafael, se dedicaron a la agricultura y ganader\u00eda y vivieron al pie de la sierra, en la zona conocida como el tri\u00e1ngulo dorado.<\/p>\n<p>Despu\u00e9s, sus hijos emigraron a Guadalajara, entre ellos Rafael Caro Quintero, quien fund\u00f3 el extinto C\u00e1rtel de Guadalajara, junto con Miguel \u00c1ngel F\u00e9lix Gallardo y Ernesto Fonseca Carrillo Don Neto.<\/p>\n<p>Rafael Caro Quintero fue sentenciado por el delito de narcotr\u00e1fico por el gobierno de Estados Unidos, y deportado a M\u00e9xico, donde fue condenado por este mismo delito siendo remitido al Penal Federal n\u00famero 2 de occidente en Puente Grande, Jalisco, donde despu\u00e9s de ganar un amparo fue cambiado al reclusorio estatal y en agosto del 2018 recuper\u00f3 su libertad por \u00f3rdenes de magistrados federales, hasta que fue recapturado el 15 de julio del 2022 en el municipio de Choix en el estado de Durango.<\/p>\n<p>Los dem\u00e1s hijos de Caro Payan, fueron Genaro, Jorge Miguel \u00c1ngel y H\u00e9ctor, pero este \u00faltimo falleci\u00f3 hace 35 a\u00f1os.<\/p>\n<p>\u00bfQui\u00e9n es Rafael Caro Quintero?<br \/>\nCaro Quintero naci\u00f3 el 24 de octubre de 1952 en Badiraguato, Sinaloa, tierra que tambi\u00e9n vio nacer a capos como Joaqu\u00edn El Chapo Guzm\u00e1n. Junto con Miguel \u00c1ngel F\u00e9lix Gallardo, El Jefe de Jefes, y Ernesto Don Neto Fonseca Carrillo fundaron, en la d\u00e9cada de los 70, el C\u00e1rtel de Guadalajara, el cual concentraba la mayor distribuci\u00f3n y sembrad\u00edo de drogas en M\u00e9xico.<\/p>\n<p>Caro Quintero fue recluido en el Centro Federal de Readaptaci\u00f3n Social N\u00famero 1 \u00abEl Altiplano\u00bb, mejor conocido como \u00abAlmoloya\u00bb, en el Estado de M\u00e9xico. A pesar de haber recibido una condena de 40 a\u00f1os, la defensa del capo logr\u00f3 revocarla argumentando que tuvo que haber sido juzgado en el fuero com\u00fan y no en tribunales federales, y que la estancia legal de Camarena en M\u00e9xico era irregular.<\/p>\n<p>El 7 de agosto de 2013, un tribunal federal le otorg\u00f3 un amparo y orden\u00f3 la liberaci\u00f3n del narcotraficante ante las protestas de la PGR y del gobierno de Estados Unidos.<\/p>\n<p>El 9 de agosto de 2013, y\u00a0tras 28 a\u00f1os de estar preso en distintas c\u00e1rceles del pa\u00eds, Rafael Caro Quintero abandon\u00f3 la c\u00e1rcel y se \u201cesfum\u00f3\u201d.<\/p>\n<p>La nueva\u00a0detenci\u00f3n del narcotraficante se dio hasta 2022. Durante ese tiempo Caro Quintero, en calidad de pr\u00f3fugo de la justicia, emiti\u00f3 diversos amparos, recursos que despu\u00e9s de su segunda detenci\u00f3n sigue usando para mantenerse comunicado y evitar que sea mandado a Estados Unidos.<\/p>\n","protected":false},"excerpt":{"rendered":"<p>Hermelinda Quintero, madre de Rafael Caro Quintero fundador del c\u00e1rtel de Guadalajara y ex l\u00edder&#8230;<\/p>\n","protected":false},"author":1,"featured_media":21191,"comment_status":"open","ping_status":"closed","sticky":false,"template":"","format":"standard","meta":{"footnotes":""},"categories":[7],"tags":[],"class_list":["post-21189","post","type-post","status-publish","format-standard","has-post-thumbnail","hentry","category-nacional"],"_links":{"self":[{"href":"https:\/\/sacramentoqr.com\/index.php?rest_route=\/wp\/v2\/posts\/21189","targetHints":{"allow":["GET"]}}],"collection":[{"href":"https:\/\/sacramentoqr.com\/index.php?rest_route=\/wp\/v2\/posts"}],"about":[{"href":"https:\/\/sacramentoqr.com\/index.php?rest_route=\/wp\/v2\/types\/post"}],"author":[{"embeddable":true,"href":"https:\/\/sacramentoqr.com\/index.php?rest_route=\/wp\/v2\/users\/1"}],"replies":[{"embeddable":true,"href":"https:\/\/sacramentoqr.com\/index.php?rest_route=%2Fwp%2Fv2%2Fcomments&post=21189"}],"version-history":[{"count":1,"href":"https:\/\/sacramentoqr.com\/index.php?rest_route=\/wp\/v2\/posts\/21189\/revisions"}],"predecessor-version":[{"id":21190,"href":"https:\/\/sacramentoqr.com\/index.php?rest_route=\/wp\/v2\/posts\/21189\/revisions\/21190"}],"wp:featuredmedia":[{"embeddable":true,"href":"https:\/\/sacramentoqr.com\/index.php?rest_route=\/wp\/v2\/media\/21191"}],"wp:attachment":[{"href":"https:\/\/sacramentoqr.com\/index.php?rest_route=%2Fwp%2Fv2%2Fmedia&parent=21189"}],"wp:term":[{"taxonomy":"category","embeddable":true,"href":"https:\/\/sacramentoqr.com\/index.php?rest_route=%2Fwp%2Fv2%2Fcategories&post=21189"},{"taxonomy":"post_tag","embeddable":true,"href":"https:\/\/sacramentoqr.com\/index.php?rest_route=%2Fwp%2Fv2%2Ftags&post=21189"}],"curies":[{"name":"wp","href":"https:\/\/api.w.org\/{rel}","templated":true}]}}