{"id":21239,"date":"2024-01-31T08:14:46","date_gmt":"2024-01-31T13:14:46","guid":{"rendered":"https:\/\/sacramentoqr.com\/?p=21239"},"modified":"2024-01-31T13:14:47","modified_gmt":"2024-01-31T13:14:47","slug":"se-cae-transferencia-de-jorge-sanchez-a-cruz-azul","status":"publish","type":"post","link":"https:\/\/sacramentoqr.com\/?p=21239","title":{"rendered":"Se cae transferencia de Jorge S\u00e1nchez a Cruz Azul"},"content":{"rendered":"<p>Jorge S\u00e1nchez permanecer\u00e1 en el FC Porto al menos lo que resta de este semestre, luego de que el club portugu\u00e9s no cediera al deseo del lateral derecho mexicano para regresar a la Liga MX y firmar con Cruz Azul.<\/p>\n<p>Fuentes consultadas confirmaron que el Porto dio un \u201cno\u201d como respuesta definitiva a la oferta del club cementero, luego de casi dos semanas de negociaciones en las que Cruz Azul estuvo muy cerca de firmar al defensa de 26 a\u00f1os, pero nunca pudo destrabar la operaci\u00f3n con el equipo portugu\u00e9s.<\/p>\n<p>Los informantes a\u00f1adieron que hace algunos d\u00edas Porto hab\u00eda mostrado voluntad para terminar de forma anticipada el pr\u00e9stamo de Jorge S\u00e1nchez, con lo cual Cruz Azul pagar\u00eda al Ajax &#8211;due\u00f1o del pase internacional del lateral mexicano&#8211; una cifra cercana a los 4 millones de euros, m\u00e1s otros 750 mil euros al equipo de los Dragones, con quien el tambi\u00e9n mundialista tiene contrato a pr\u00e9stamo hasta el 30 de junio pr\u00f3ximo.<\/p>\n<p>La semana pasada, la negociaci\u00f3n lleg\u00f3 a estar muy avanzada entre todas las partes: Cruz Azul, Ajax, Jorge S\u00e1nchez, Promofut (la agencia que representa al jugador) y el Porto.<\/p>\n<p>Sin embargo, una vez que FIFA dio el aval para que S\u00e1nchez pudiera ser contratado por Cruz Azul, al considerar que no hab\u00eda jugado ning\u00fan minuto oficial esta temporada con el Ajax m\u00e1s all\u00e1 de salir a la banca en dos partidos de la Eredivisie en agosto pasado, Porto cambi\u00f3 de parecer y comenz\u00f3 a complicar la salida del lateral derecho mexicano, pues el t\u00e9cnico Sergio Concei\u00e7\u00e3o no quiso quedarse s\u00f3lo con el titular Jo\u00e3o M\u00e1rio en esa posici\u00f3n, en una campa\u00f1a donde los Dragones disputan la Liga y Copa portuguesas, as\u00ed como la Liga de Campeones de la UEFA.<\/p>\n<p>En las \u00faltimas horas, cuando Cruz Azul cre\u00eda que hab\u00eda dado pasos firmes en la contrataci\u00f3n de S\u00e1nchez, Porto nuevamente fren\u00f3 la operaci\u00f3n ante la alta dificultad de encontrar un reemplazo para el lateral mexicano, ya que la mayor\u00eda de las ligas europeas tienen su cierre de registros este mi\u00e9rcoles 31 de enero a las 23:59 horas de Londres, Inglaterra (GMT).<\/p>\n<p>La llegada de S\u00e1nchez a Cruz Azul era una operaci\u00f3n que ascend\u00eda a m\u00e1s de 6.5 millones de euros ya considerando los pagos al Ajax, Porto, Am\u00e9rica (due\u00f1o del 20 por ciento del pase del jugador), as\u00ed como al propio S\u00e1nchez, su agencia de representaci\u00f3n y los impuestos correspondientes.<\/p>\n<p>Las fuentes consultadas afirmaron que el equipo no contratar\u00e1 a nadie m\u00e1s en este mercado de invierno, por lo que los refuerzos del club son los sudamericanos Gonzalo Piovi, Lorenzo Faravelli, Camilo C\u00e1ndido, Gabriel Fern\u00e1ndez y Kevin Mier, as\u00ed como el arquero mexicano de 19 a\u00f1os, Luis Jim\u00e9nez.<\/p>\n","protected":false},"excerpt":{"rendered":"<p>Jorge S\u00e1nchez permanecer\u00e1 en el FC Porto al menos lo que resta de este semestre,&#8230;<\/p>\n","protected":false},"author":1,"featured_media":21241,"comment_status":"open","ping_status":"closed","sticky":false,"template":"","format":"standard","meta":{"footnotes":""},"categories":[3],"tags":[],"class_list":["post-21239","post","type-post","status-publish","format-standard","has-post-thumbnail","hentry","category-deportes"],"_links":{"self":[{"href":"https:\/\/sacramentoqr.com\/index.php?rest_route=\/wp\/v2\/posts\/21239","targetHints":{"allow":["GET"]}}],"collection":[{"href":"https:\/\/sacramentoqr.com\/index.php?rest_route=\/wp\/v2\/posts"}],"about":[{"href":"https:\/\/sacramentoqr.com\/index.php?rest_route=\/wp\/v2\/types\/post"}],"author":[{"embeddable":true,"href":"https:\/\/sacramentoqr.com\/index.php?rest_route=\/wp\/v2\/users\/1"}],"replies":[{"embeddable":true,"href":"https:\/\/sacramentoqr.com\/index.php?rest_route=%2Fwp%2Fv2%2Fcomments&post=21239"}],"version-history":[{"count":1,"href":"https:\/\/sacramentoqr.com\/index.php?rest_route=\/wp\/v2\/posts\/21239\/revisions"}],"predecessor-version":[{"id":21240,"href":"https:\/\/sacramentoqr.com\/index.php?rest_route=\/wp\/v2\/posts\/21239\/revisions\/21240"}],"wp:featuredmedia":[{"embeddable":true,"href":"https:\/\/sacramentoqr.com\/index.php?rest_route=\/wp\/v2\/media\/21241"}],"wp:attachment":[{"href":"https:\/\/sacramentoqr.com\/index.php?rest_route=%2Fwp%2Fv2%2Fmedia&parent=21239"}],"wp:term":[{"taxonomy":"category","embeddable":true,"href":"https:\/\/sacramentoqr.com\/index.php?rest_route=%2Fwp%2Fv2%2Fcategories&post=21239"},{"taxonomy":"post_tag","embeddable":true,"href":"https:\/\/sacramentoqr.com\/index.php?rest_route=%2Fwp%2Fv2%2Ftags&post=21239"}],"curies":[{"name":"wp","href":"https:\/\/api.w.org\/{rel}","templated":true}]}}