{"id":21263,"date":"2024-02-01T11:55:17","date_gmt":"2024-02-01T16:55:17","guid":{"rendered":"https:\/\/sacramentoqr.com\/?p=21263"},"modified":"2024-02-01T16:55:19","modified_gmt":"2024-02-01T16:55:19","slug":"cuatro-anos-despues-de-la-emergencia-global-el-covid-19-aun-es-una-amenaza-oms","status":"publish","type":"post","link":"https:\/\/sacramentoqr.com\/?p=21263","title":{"rendered":"Cuatro a\u00f1os despu\u00e9s de la emergencia global, el COVID-19 \u201ca\u00fan es una amenaza\u201d: OMS"},"content":{"rendered":"<p>Pese al descenso de muertes por COVID-19, que se sit\u00faa por debajo de las 4 mil semanales desde mediados de 2023, esta enfermedad sigue constituyendo una amenaza global por cuestiones como el s\u00edndrome post-covid o las posibles mutaciones, advirti\u00f3 la Organizaci\u00f3n Mundial de la Salud (OMS).<\/p>\n<p>La experta Maria Van Kerkhove, quien lider\u00f3 en el seno del organismo la lucha contra la pandemia, subray\u00f3 la necesidad de no bajar la guardia, en un seminario celebrado cuando se cumplen cuatro a\u00f1os desde que la propia OMS declarara la emergencia internacional por el coronavirus, el 30 de enero de 2020.<\/p>\n<p>\u201cNo estamos en la crisis sanitaria que vivimos en 2020 y los a\u00f1os siguientes, incluso no estamos en la situaci\u00f3n de 2023, pero el COVID-19 sigue siendo una amenaza global y a\u00fan hay que trabajar mucho para reducir los casos graves y las muertes\u201d, subray\u00f3 la experta estadounidense.<\/p>\n<p>En la cuesti\u00f3n del postcovid, todav\u00eda no del todo estudiado, los c\u00e1lculos de la organizaci\u00f3n indican que aproximadamente un 6 por ciento de las personas que han pasado la enfermedad evidencian tener este s\u00edndrome, que puede tener todo tipo de s\u00edntomas ya que puede afectar en diferentes \u00f3rganos seg\u00fan el paciente.<\/p>\n<p>La jefa de la unidad t\u00e9cnica para la gesti\u00f3n cl\u00ednica en la OMS, Janet D\u00edaz, record\u00f3 en el seminario que algunos de los s\u00edntomas m\u00e1s frecuentes son dificultades respiratorias, fatiga o desorientaci\u00f3n, y subray\u00f3 que suele darse m\u00e1s en mujeres que en hombres, y en personas adultas antes que en ni\u00f1os.<\/p>\n<p>Tambi\u00e9n se ha comprobado su mayor incidencia en personas con condiciones cr\u00f3nicas, y en aqu\u00e9llas que tuvieron que ser hospitalizadas cuando tuvieron COVID-19, indic\u00f3.<\/p>\n<p>El s\u00edndrome postcovid pueden durar una media de nueve meses para quienes sufrieron formas m\u00e1s graves de la enfermedad, tiempo que se reduce a cuatro meses en los casos menos severos, y puede haber s\u00edntomas persistentes durante un a\u00f1o en un 15 por ciento de los casos estudiados.<\/p>\n<p>Van Kerkhove subray\u00f3 que la OMS ahora tiene menos informaci\u00f3n sobre la incidencia real del COVID-19 \u201cya que muchos pa\u00edses han integrado su programa contra la enfermedad con las estrategias contra la gripe\u201d.<\/p>\n<p>Ello \u201ces un s\u00edntoma positivo\u201d de normalizaci\u00f3n, reconoci\u00f3, aunque resta visibilidad al COVID y obliga a la OMS a depender, por ejemplo, de los an\u00e1lisis de aguas residuales en diversas localizaciones, con los que se ha apreciado que la incidencia real del coronavirus podr\u00eda ser en algunos casos hasta casi 20 veces mayor a lo que arrojan las cifras oficiales.<\/p>\n<p>Actualmente, agreg\u00f3 la experta, la variante de coronavirus m\u00e1s abundante en el planeta es la JN.1, observada en un 80 por ciento de los casos secuenciados, con unas bajas tasas de casos graves y mortales, de manera similar a otras variantes de los \u00faltimos dos a\u00f1os, aunque todas ellas pueden causar formas severas de la enfermedad, advirti\u00f3.<\/p>\n<p>Las vacunas, indic\u00f3, siguen probando ser eficaces contra formas graves de la enfermedad, incluso aqu\u00e9llas basadas en las primeras cepas del virus, despu\u00e9s de que se hayan inoculado en el planeta 13 mil millones de dosis.<\/p>\n<p>En el seminario se record\u00f3 que s\u00f3lo en 2021 se calcula que estas vacunas ayudaron a salvar 14 millones de vidas.<\/p>\n<p>La cuesti\u00f3n del acceso a las vacunas en las naciones menos desarrolladas se ha resuelto en parte pero a\u00fan hay brechas, advirti\u00f3, para recordar que en los pa\u00edses m\u00e1s pobres solo un 4 por ciento de los adultos y un 8 por ciento de los sanitarios han recibido una dosis de refuerzo.<\/p>\n<p>La responsable de la OMS recomend\u00f3 a las personas mayores y colectivos de riesgo que examinen la posibilidad de vacunarse cada seis o 12 meses con dosis de refuerzo, y a la poblaci\u00f3n general le transmiti\u00f3 los mismos consejos que repiti\u00f3 durante la pandemia:<\/p>\n<p>\u201cBusquen atenci\u00f3n m\u00e9dica si lo consideran necesario, qu\u00e9dense en casa en caso de enfermedad, lleven mascarilla en espacios cerrados, l\u00e1vense las manos con regularidad, c\u00fabranse al toser o estornudar, mantengan distancia y examinen el estatus de su vacunaci\u00f3n contra el COVID y la gripe\u201d, record\u00f3.<\/p>\n<p>Las estad\u00edsticas de la OMS han registrado desde finales de 2019 774 millones de casos de COVID y 7 millones de muertes, aunque estas cifras son conservadoras y las reales podr\u00edan ser mucho mayores (el exceso de mortalidad en el mundo durante ese periodo a causa de la enfermedad se calcula en casi 29 millones de fallecimientos).<\/p>\n<p>\u201cHa sido para muchos de nosotros el periodo m\u00e1s dif\u00edcil e intenso para nuestra vida profesional, pero ha sido impresionante c\u00f3mo el mundo se uni\u00f3 para enfrentarlo\u201d, reconoci\u00f3 Van Kerkhove.<\/p>\n<p>&nbsp;<\/p>\n<p>&nbsp;<\/p>\n<p>&nbsp;<\/p>\n<p>&nbsp;<\/p>\n","protected":false},"excerpt":{"rendered":"<p>Pese al descenso de muertes por COVID-19, que se sit\u00faa por debajo de las 4&#8230;<\/p>\n","protected":false},"author":1,"featured_media":21265,"comment_status":"open","ping_status":"closed","sticky":false,"template":"","format":"standard","meta":{"footnotes":""},"categories":[5],"tags":[],"class_list":["post-21263","post","type-post","status-publish","format-standard","has-post-thumbnail","hentry","category-internacional"],"_links":{"self":[{"href":"https:\/\/sacramentoqr.com\/index.php?rest_route=\/wp\/v2\/posts\/21263","targetHints":{"allow":["GET"]}}],"collection":[{"href":"https:\/\/sacramentoqr.com\/index.php?rest_route=\/wp\/v2\/posts"}],"about":[{"href":"https:\/\/sacramentoqr.com\/index.php?rest_route=\/wp\/v2\/types\/post"}],"author":[{"embeddable":true,"href":"https:\/\/sacramentoqr.com\/index.php?rest_route=\/wp\/v2\/users\/1"}],"replies":[{"embeddable":true,"href":"https:\/\/sacramentoqr.com\/index.php?rest_route=%2Fwp%2Fv2%2Fcomments&post=21263"}],"version-history":[{"count":1,"href":"https:\/\/sacramentoqr.com\/index.php?rest_route=\/wp\/v2\/posts\/21263\/revisions"}],"predecessor-version":[{"id":21264,"href":"https:\/\/sacramentoqr.com\/index.php?rest_route=\/wp\/v2\/posts\/21263\/revisions\/21264"}],"wp:featuredmedia":[{"embeddable":true,"href":"https:\/\/sacramentoqr.com\/index.php?rest_route=\/wp\/v2\/media\/21265"}],"wp:attachment":[{"href":"https:\/\/sacramentoqr.com\/index.php?rest_route=%2Fwp%2Fv2%2Fmedia&parent=21263"}],"wp:term":[{"taxonomy":"category","embeddable":true,"href":"https:\/\/sacramentoqr.com\/index.php?rest_route=%2Fwp%2Fv2%2Fcategories&post=21263"},{"taxonomy":"post_tag","embeddable":true,"href":"https:\/\/sacramentoqr.com\/index.php?rest_route=%2Fwp%2Fv2%2Ftags&post=21263"}],"curies":[{"name":"wp","href":"https:\/\/api.w.org\/{rel}","templated":true}]}}