{"id":21272,"date":"2024-02-02T09:50:44","date_gmt":"2024-02-02T14:50:44","guid":{"rendered":"https:\/\/sacramentoqr.com\/?p=21272"},"modified":"2024-02-02T14:50:46","modified_gmt":"2024-02-02T14:50:46","slug":"optimismo-e-indignacion-entre-taurinos-ante-suspension-y-agresiones-en-la-plaza-mexico","status":"publish","type":"post","link":"https:\/\/sacramentoqr.com\/?p=21272","title":{"rendered":"Optimismo e indignaci\u00f3n entre taurinos ante suspensi\u00f3n y agresiones en la Plaza M\u00e9xico"},"content":{"rendered":"<p>Un tribunal colegiado de la Ciudad de M\u00e9xico debe decidir este viernes, antes de las 15:00 h local si mantiene la suspensi\u00f3n para celebrar corridas de toros en la Plaza M\u00e9xico, o por el contrario atiende positivamente la queja presentada por la empresa gestora del coso.<\/p>\n<p>El pasado domingo 42 mil personas llenaron la plaza de toros m\u00e1s grande del mundo para presenciar la primera corrida de la reapertura tras m\u00e1s de 600 d\u00edas de prohibici\u00f3n debido a un amparo presentado contra la Plaza M\u00e9xico por la asociaci\u00f3n Justicia Justa.<\/p>\n<p>Hasta que el pasado 6 de diciembre la Suprema Corte de Justicia de la Naci\u00f3n (SCJN) de M\u00e9xico anul\u00f3 la suspensi\u00f3n dictada por un juez de distrito.<\/p>\n<p>Solo cuatro d\u00edas despu\u00e9s de la corrida, la juez de distrito Sandra de Jes\u00fas Z\u00fa\u00f1iga atiende otro amparo presentado por la asociaci\u00f3n Todas y Todos por Amor a los Toros y ordena la suspensi\u00f3n \u201cinmediata y provisional\u201d de las corridas de toros a la alcald\u00eda Benito Juarez donde se ubica la Plaza M\u00e9xico de la capital mexicana.<\/p>\n<p>Tras la reapertura, la monumental M\u00e9xico, que tiene en agenda nueve corridas entre el pasado domingo y el pr\u00f3ximo 24 de marzo, ya ten\u00eda otras dos corridas anunciadas para este domingo y lunes, en festejo por su inauguraci\u00f3n en 1946. La empresa ya llevaba vendidas cerca de 70 mil entradas en conjunto.<\/p>\n<p>Al sorpresivo nueva embate legal, para los taurinos, se suman las decenas de agresiones directas sufridas por aficionados el pasado domingo a la entrada de la Plaza M\u00e9xico.<\/p>\n<p>Afuera se vivieron escenas in\u00e9ditas hasta ese d\u00eda. \u201cEra habitual ver antitaurinos insultando, no presenciar y sufrir agresiones f\u00edsicas directas\u201d, cont\u00f3 a EFE el abogado Le\u00f3n Jim\u00e9nez, uno de los agredidos.<\/p>\n<p>En menos de 24 horas algo ha cambiado no solo entre los aficionados sino en la principal empresa taurina Espect\u00e1culos de Monterrey Sociedad An\u00f3nima (EMSA).<\/p>\n<p>La empresa ha tomado una actitud m\u00e1s activa. Los vemos m\u00e1s comprometidos\u201d, coment\u00f3 a EFE Eduardo Heftye, aficionado con apartado de entradas desde 1988 adem\u00e1s de catedr\u00e1tico de derecho constitucional.<\/p>\n<p>EMSA present\u00f3 un recurso de queja ante el Poder Judicial por la suspensi\u00f3n provisional. Adem\u00e1s frente al mutismo de la anterior suspensi\u00f3n en mayo del 2022, esta vez la presencia medi\u00e1tica de los gestores ha sido notoria.<\/p>\n<p>Para conocer el caso EFE habl\u00f3 con abogados implicados en el proceso de impugnaci\u00f3n. Se declaran optimistas y muestran la intenci\u00f3n incluso de \u201cdenunciar\u201d a la juez Sandra de Jes\u00fas Z\u00fa\u00f1iga.<\/p>\n<p>Entienden, dicen, que su actuaci\u00f3n es un claro caso de \u201carbitrariedad completa\u201d pues sostienen, tendr\u00eda que haber aplicado el criterio de la SCJN. La juez tendr\u00eda que haber \u201caceptado el \u00e1mparo pero no la suspensi\u00f3n\u201d, agregan.<\/p>\n<p>Heftye explica a EFE que existen mecanismos para \u201cirse contra la juez\u201d, ya que hay muchos damnificados adem\u00e1s de EMSA como son, por ejemplo, los bares de la zona y la magistrada \u201ctiene que responder por su patrimonio\u201d. Para el catedr\u00e1tico ella es principal interesada en que se caiga \u201cla suspensi\u00f3n\u201d.<\/p>\n<p>Durante la semana muchos medios han dado relevancia a los aproximadamente 150 antitaurinos congregados contra la celebraci\u00f3n del festejo del pasado domingo, pero poco se ha dicho de que a pesar de presenciar las agresiones, la polic\u00eda congregada no realiz\u00f3 ninguna detenci\u00f3n.<\/p>\n<p>La actitud pasiva de los agredidos responde principalmente al asombro por la violencia demostrada por los animalistas quienes nos \u201cacusan de violentos\u201d se\u00f1al\u00f3 a EFE la cantante y aficionada Fernanda Jim\u00e9nez, para quien se trata de un ataque directo con la \u201cexcusa del animal\u201d.<\/p>\n<p>Es una imposici\u00f3n, un ataque personal, de exterminio del que piensa diferente\u201d, declara la artista.<\/p>\n<p>Hay preocupaci\u00f3n entre los taurinos por lo que pueda pasar el domingo. Francisco D\u00f3ddoli, representante ejecutivo de la Asociaci\u00f3n Nacional de Matadores, cuenta a EFE que esta semana present\u00f3 ante la alcaldia Benito Juarez un escrito para que esta semana \u201chaya m\u00e1s polic\u00edas y no se d\u00e9 acceso a las entradas donde posiblmente est\u00e9n los antitaurinos\u201d.<\/p>\n","protected":false},"excerpt":{"rendered":"<p>Un tribunal colegiado de la Ciudad de M\u00e9xico debe decidir este viernes, antes de las&#8230;<\/p>\n","protected":false},"author":1,"featured_media":21274,"comment_status":"open","ping_status":"closed","sticky":false,"template":"","format":"standard","meta":{"footnotes":""},"categories":[7],"tags":[],"class_list":["post-21272","post","type-post","status-publish","format-standard","has-post-thumbnail","hentry","category-nacional"],"_links":{"self":[{"href":"https:\/\/sacramentoqr.com\/index.php?rest_route=\/wp\/v2\/posts\/21272","targetHints":{"allow":["GET"]}}],"collection":[{"href":"https:\/\/sacramentoqr.com\/index.php?rest_route=\/wp\/v2\/posts"}],"about":[{"href":"https:\/\/sacramentoqr.com\/index.php?rest_route=\/wp\/v2\/types\/post"}],"author":[{"embeddable":true,"href":"https:\/\/sacramentoqr.com\/index.php?rest_route=\/wp\/v2\/users\/1"}],"replies":[{"embeddable":true,"href":"https:\/\/sacramentoqr.com\/index.php?rest_route=%2Fwp%2Fv2%2Fcomments&post=21272"}],"version-history":[{"count":1,"href":"https:\/\/sacramentoqr.com\/index.php?rest_route=\/wp\/v2\/posts\/21272\/revisions"}],"predecessor-version":[{"id":21273,"href":"https:\/\/sacramentoqr.com\/index.php?rest_route=\/wp\/v2\/posts\/21272\/revisions\/21273"}],"wp:featuredmedia":[{"embeddable":true,"href":"https:\/\/sacramentoqr.com\/index.php?rest_route=\/wp\/v2\/media\/21274"}],"wp:attachment":[{"href":"https:\/\/sacramentoqr.com\/index.php?rest_route=%2Fwp%2Fv2%2Fmedia&parent=21272"}],"wp:term":[{"taxonomy":"category","embeddable":true,"href":"https:\/\/sacramentoqr.com\/index.php?rest_route=%2Fwp%2Fv2%2Fcategories&post=21272"},{"taxonomy":"post_tag","embeddable":true,"href":"https:\/\/sacramentoqr.com\/index.php?rest_route=%2Fwp%2Fv2%2Ftags&post=21272"}],"curies":[{"name":"wp","href":"https:\/\/api.w.org\/{rel}","templated":true}]}}