{"id":21278,"date":"2024-02-02T12:02:50","date_gmt":"2024-02-02T17:02:50","guid":{"rendered":"https:\/\/sacramentoqr.com\/?p=21278"},"modified":"2024-02-02T17:02:51","modified_gmt":"2024-02-02T17:02:51","slug":"union-europea-impone-sanciones-a-fiscal-general-de-guatemala-por-socavar-la-democracia","status":"publish","type":"post","link":"https:\/\/sacramentoqr.com\/?p=21278","title":{"rendered":"Uni\u00f3n Europea impone sanciones a fiscal general de Guatemala \u00abpor socavar la democracia\u00bb"},"content":{"rendered":"<p>La Uni\u00f3n Europea impuso sanciones a la fiscal general de Guatemala, Consuelo Porras, por socavar la democracia, el Estado de derecho y la transferencia pac\u00edfica del poder en el pa\u00eds centroamericano.<\/p>\n<p>La sanci\u00f3n tambi\u00e9n alcanza al secretario general de la fiscal\u00eda, \u00c1ngel Pineda; al jefe de la Fiscal\u00eda Especial Contra la Impunidad, Rafael Curruchiche; a la fiscal Leonor Eugenia Morales Lazo de S\u00e1nchez y al juez Fredy Ra\u00fal Orellana Letona, quien ha ordenado acciones judiciales contra el proceso electoral a petici\u00f3n de los fiscales.<\/p>\n<p>Esta es la primera vez que la Uni\u00f3n Europea (UE) sanciona a ciudadanos guatemaltecos, dijo la entidad en Guatemala.<\/p>\n<p>The Associated Press solicit\u00f3 una respuesta a la fiscal\u00eda pero no obtuvo una respuesta de inmediato.<\/p>\n<p>En un comunicado de prensa la UE dijo que las sanciones incluyen el congelamiento de activos y la prohibici\u00f3n de poner fondos a su disposici\u00f3n, as\u00ed como la restricci\u00f3n de viaje \u2014lo que impide entrar o transitar por territorios de la comunidad\u2014.<\/p>\n<p>\u201cLa decisi\u00f3n de hoy sigue a la adopci\u00f3n, el 12 de enero de 2024, de un marco espec\u00edfico para medidas restrictivas en apoyo de la democracia y una transferencia pac\u00edfica y ordenada del poder en Guatemala\u201d, agreg\u00f3.<\/p>\n<p>Desde junio de 2023 la fiscal\u00eda busc\u00f3 detener la participaci\u00f3n del nuevo presidente Bernardo Ar\u00e9valo en las elecciones justo despu\u00e9s de que pasara a un balotaje contra la exprimera dama Sandra Torres, a quien le gan\u00f3 la presidencia por una ventaja de m\u00e1s de 20 puntos.<\/p>\n<p>Fue entonces que la fiscal\u00eda le pidi\u00f3 al juez Orellana suspender la personalidad jur\u00eddica del partido Movimiento Semilla que llev\u00f3 a Ar\u00e9valo a la presidencia. Hasta hoy la decisi\u00f3n del juez ha dejado sin partido pol\u00edtico en el Congreso al mandatario y sus 23 diputados no pueden participar en comisiones parlamentarias ni en bloque.<\/p>\n<p>Las acciones judiciales de la fiscal\u00eda se extendieron al proceso electoral, los magistrados electorales, Ar\u00e9valo y su vicepresidenta Karin Herrera, miembros de su partido, trabajadores electorales e incluso a ciudadanos que participaron en la recolecci\u00f3n, conteo y resguardo de los votos.<\/p>\n<p>Orellana adem\u00e1s orden\u00f3 el secuestro de actas y votos de las elecciones, algo que fue duramente criticado porque la ley le faculta con exclusividad al Tribunal Supremo Electoral la custodia y resguardo de dicho material.<\/p>\n<p>El Alto Representante de la UE, Josep Borrell, particip\u00f3 el 14 de enero en la asunci\u00f3n del presidente Ar\u00e9valo, cuando miembros del anterior y nuevo Congreso intentaron bloquear la elecci\u00f3n de una nueva Junta Directiva que deb\u00eda darle posesi\u00f3n, retardando su investidura.<\/p>\n<p>Borrell dijo que cuando viaj\u00f3 al pa\u00eds lo hizo pensando que la presencia de \u00e9l y otros invitados internacionales \u201cno s\u00f3lo enviar\u00edan un fuerte mensaje de apoyo a la democracia en Guatemala sino una fuerte se\u00f1al a los obstruccionistas de que eludir los procesos democr\u00e1ticos no ser\u00eda tolerado por el gobierno, la comunidad internacional\u201d y agreg\u00f3 que la UE estaba dispuesta adoptar nuevas medidas para \u201cexigir responsabilidades a los responsables\u201d.<\/p>\n","protected":false},"excerpt":{"rendered":"<p>La Uni\u00f3n Europea impuso sanciones a la fiscal general de Guatemala, Consuelo Porras, por socavar&#8230;<\/p>\n","protected":false},"author":1,"featured_media":21280,"comment_status":"open","ping_status":"closed","sticky":false,"template":"","format":"standard","meta":{"footnotes":""},"categories":[5],"tags":[],"class_list":["post-21278","post","type-post","status-publish","format-standard","has-post-thumbnail","hentry","category-internacional"],"_links":{"self":[{"href":"https:\/\/sacramentoqr.com\/index.php?rest_route=\/wp\/v2\/posts\/21278","targetHints":{"allow":["GET"]}}],"collection":[{"href":"https:\/\/sacramentoqr.com\/index.php?rest_route=\/wp\/v2\/posts"}],"about":[{"href":"https:\/\/sacramentoqr.com\/index.php?rest_route=\/wp\/v2\/types\/post"}],"author":[{"embeddable":true,"href":"https:\/\/sacramentoqr.com\/index.php?rest_route=\/wp\/v2\/users\/1"}],"replies":[{"embeddable":true,"href":"https:\/\/sacramentoqr.com\/index.php?rest_route=%2Fwp%2Fv2%2Fcomments&post=21278"}],"version-history":[{"count":1,"href":"https:\/\/sacramentoqr.com\/index.php?rest_route=\/wp\/v2\/posts\/21278\/revisions"}],"predecessor-version":[{"id":21279,"href":"https:\/\/sacramentoqr.com\/index.php?rest_route=\/wp\/v2\/posts\/21278\/revisions\/21279"}],"wp:featuredmedia":[{"embeddable":true,"href":"https:\/\/sacramentoqr.com\/index.php?rest_route=\/wp\/v2\/media\/21280"}],"wp:attachment":[{"href":"https:\/\/sacramentoqr.com\/index.php?rest_route=%2Fwp%2Fv2%2Fmedia&parent=21278"}],"wp:term":[{"taxonomy":"category","embeddable":true,"href":"https:\/\/sacramentoqr.com\/index.php?rest_route=%2Fwp%2Fv2%2Fcategories&post=21278"},{"taxonomy":"post_tag","embeddable":true,"href":"https:\/\/sacramentoqr.com\/index.php?rest_route=%2Fwp%2Fv2%2Ftags&post=21278"}],"curies":[{"name":"wp","href":"https:\/\/api.w.org\/{rel}","templated":true}]}}