{"id":21329,"date":"2024-02-06T09:22:43","date_gmt":"2024-02-06T14:22:43","guid":{"rendered":"https:\/\/sacramentoqr.com\/?p=21329"},"modified":"2024-02-06T14:22:45","modified_gmt":"2024-02-06T14:22:45","slug":"pablo-hermoso-de-mendoza-le-dijo-adios-a-la-plaza-mexico","status":"publish","type":"post","link":"https:\/\/sacramentoqr.com\/?p=21329","title":{"rendered":"Pablo Hermoso de Mendoza le dijo adi\u00f3s a la Plaza M\u00e9xico"},"content":{"rendered":"<p>El grito de \u201cOl\u00e9, Ol\u00e9, Ol\u00e9, \u00a1Pablo Pablo!\u00bb, marco el adi\u00f3s del torero Pablo Hermoso de Mendoza, quien dijo adi\u00f3s a La Plaza M\u00e9xico en el marco de su 78 aniversario.<\/p>\n<p>&nbsp;<\/p>\n<p>En una tarde llena de sentimientos encontrados y grandes episodios de torer\u00eda, el rejoneador espa\u00f1ol se despidi\u00f3 del coso de Insurgentes con una salida a hombros tras cortar dos orejas del toro \u00abManuel\u00bb, de la ganader\u00eda de Los Encinos.<\/p>\n<p>&nbsp;<\/p>\n<p>Un lleno hasta el reloj, desde temprana hora por parte de aficionados a la fiesta brava, fue el pre\u00e1mbulo de una corrida digna del aniversario de la Monumental Plaza M\u00e9xico.<\/p>\n<p>&nbsp;<\/p>\n<p>A los alrededores del embudo de Insurgentes, las vallas met\u00e1licas colocadas fueron adornadas con opiniones y frases de amantes a la fiesta brava como Gabriel Garc\u00eda M\u00e1rquez, Joaqu\u00edn Sabina, Vicente Fern\u00e1ndez y Mario Vargas Llosa y Charles Chaplin, lo cual creo una atm\u00f3sfera m\u00e1gica que no fue opacada por un reducido grupo de grupos \u00abantitaurinos\u00bb que se manifestaron a los alrededores en menor cantidad que en otras ocasiones.<\/p>\n<p>&nbsp;<\/p>\n<p>Los matadores Ernesto Javier \u00abCalita\u00bb y Arturo Gilio quien confirm\u00f3 su doctorado, compartieron cartel junto a Pablo Hermoso de Mendoza y luego de que m\u00e1s de 40 mil almas entonaran el himno nacional frente a una bandera tricolor desplegada en el ruedo, el festejo dio inicio.<\/p>\n<p>&nbsp;<\/p>\n<p>Arturo Gilio, confirmo su alternativa con el toro \u00abCarlos Herrado\u00bb y tras varios pases de pecho lo que le vali\u00f3 una oreja, mientras que en el segundo no pudo acoplarse y se fue entre aplausos.<\/p>\n<p>&nbsp;<\/p>\n<p>En su primero de la tarde \u00abCalita\u00bb, cort\u00f3 una oreja y en el segundo se conform\u00f3 con una salida al tercio entre una gran ovaci\u00f3n del p\u00fablico que esperaba m\u00e1s de \u00e9l.<\/p>\n<p>&nbsp;<\/p>\n<p>Por su parte el Torero de Navarra quien sali\u00f3 en tercer lugar puso al borde de la locura a todos los asistentes con sus grandes ejecuciones lo que le vali\u00f3 una oreja en su primero de la tarde, mientras que en el segundo los sentimientos afloraron a flor de piel con sus majestuosas ejecuciones.<\/p>\n","protected":false},"excerpt":{"rendered":"<p>El grito de \u201cOl\u00e9, Ol\u00e9, Ol\u00e9, \u00a1Pablo Pablo!\u00bb, marco el adi\u00f3s del torero Pablo Hermoso&#8230;<\/p>\n","protected":false},"author":1,"featured_media":21331,"comment_status":"open","ping_status":"closed","sticky":false,"template":"","format":"standard","meta":{"footnotes":""},"categories":[3],"tags":[],"class_list":["post-21329","post","type-post","status-publish","format-standard","has-post-thumbnail","hentry","category-deportes"],"_links":{"self":[{"href":"https:\/\/sacramentoqr.com\/index.php?rest_route=\/wp\/v2\/posts\/21329","targetHints":{"allow":["GET"]}}],"collection":[{"href":"https:\/\/sacramentoqr.com\/index.php?rest_route=\/wp\/v2\/posts"}],"about":[{"href":"https:\/\/sacramentoqr.com\/index.php?rest_route=\/wp\/v2\/types\/post"}],"author":[{"embeddable":true,"href":"https:\/\/sacramentoqr.com\/index.php?rest_route=\/wp\/v2\/users\/1"}],"replies":[{"embeddable":true,"href":"https:\/\/sacramentoqr.com\/index.php?rest_route=%2Fwp%2Fv2%2Fcomments&post=21329"}],"version-history":[{"count":1,"href":"https:\/\/sacramentoqr.com\/index.php?rest_route=\/wp\/v2\/posts\/21329\/revisions"}],"predecessor-version":[{"id":21330,"href":"https:\/\/sacramentoqr.com\/index.php?rest_route=\/wp\/v2\/posts\/21329\/revisions\/21330"}],"wp:featuredmedia":[{"embeddable":true,"href":"https:\/\/sacramentoqr.com\/index.php?rest_route=\/wp\/v2\/media\/21331"}],"wp:attachment":[{"href":"https:\/\/sacramentoqr.com\/index.php?rest_route=%2Fwp%2Fv2%2Fmedia&parent=21329"}],"wp:term":[{"taxonomy":"category","embeddable":true,"href":"https:\/\/sacramentoqr.com\/index.php?rest_route=%2Fwp%2Fv2%2Fcategories&post=21329"},{"taxonomy":"post_tag","embeddable":true,"href":"https:\/\/sacramentoqr.com\/index.php?rest_route=%2Fwp%2Fv2%2Ftags&post=21329"}],"curies":[{"name":"wp","href":"https:\/\/api.w.org\/{rel}","templated":true}]}}