{"id":21353,"date":"2024-02-07T11:35:15","date_gmt":"2024-02-07T16:35:15","guid":{"rendered":"https:\/\/sacramentoqr.com\/?p=21353"},"modified":"2024-02-07T16:35:16","modified_gmt":"2024-02-07T16:35:16","slug":"papa-francisco-criticar-la-posibilidad-de-bendecir-a-parejas-lgbt-es-una-hipocresia","status":"publish","type":"post","link":"https:\/\/sacramentoqr.com\/?p=21353","title":{"rendered":"Papa Francisco: Criticar la posibilidad de bendecir a parejas LGBT es una &#8216;hipocres\u00eda&#8217;"},"content":{"rendered":"<p>En una entrevista exclusiva que ser\u00e1 publicada en la revista cat\u00f3lica &#8216;Credere&#8217;, el Papa Francisco ha calificado de \u00abhipocres\u00eda\u00bb la cr\u00edtica a la posibilidad de bendecir a parejas de la comunidad LGBT+, compar\u00e1ndola con la falta de esc\u00e1ndalo cuando se bendice a empresarios que podr\u00edan explotar a las personas.<\/p>\n<p>&nbsp;<\/p>\n<p>El Sumo Pont\u00edfice destaca que la esencia del documento &#8216;Fiducia Supplicans&#8217;, de la Congregaci\u00f3n para la Doctrina de la Fe, es la acogida, defendiendo la apertura a bendiciones para parejas consideradas &#8216;irregulares&#8217; por la Iglesia, incluyendo las del mismo sexo.<\/p>\n<p>&nbsp;<\/p>\n<p>\u00abNadie se escandaliza si doy mi bendici\u00f3n a un empresario que quiz\u00e1s explota a la gente y esto es un pecado grav\u00edsimo. Mientras se escandaliza si se lo doy a un homosexual\u2026 \u00a1Esto es hipocres\u00eda!\u00bb,<\/p>\n<p>&nbsp;<\/p>\n<p>El Papa subray\u00f3 la importancia de la acogida en el coraz\u00f3n del documento. A pesar de la satisfacci\u00f3n de muchas conferencias episcopales en el mundo, la hist\u00f3rica apertura del Papa Francisco ha generado cr\u00edticas por parte de sectores m\u00e1s conservadores, que la consideran una \u00abblasfemia\u00bb. Algunos obispos, especialmente en \u00c1frica, contin\u00faan expresando su rechazo a esta postura.<\/p>\n<p>&nbsp;<\/p>\n<p>En otro fragmento de la entrevista, el Papa destaca la importancia de abrir el trabajo en la Curia a las mujeres, reconociendo que algunas mujeres desempe\u00f1an roles de manera m\u00e1s efectiva que los hombres en la actualidad. \u00abEn la Curia romana ahora hay varias mujeres porque desempe\u00f1an mejor que nosotros los hombres en ciertos roles\u00bb, comenta Francisco.<\/p>\n<p>&nbsp;<\/p>\n<p>En cuanto a su estado de salud, el Papa reitera su afirmaci\u00f3n de que \u00abla Iglesia se gobierna con la cabeza, no con las piernas\u00bb, respondiendo as\u00ed a preocupaciones sobre su movilidad y estado f\u00edsico. Adem\u00e1s, hace un llamado a una Iglesia m\u00e1s cercana a la gente, reconociendo que los cl\u00e9rigos a veces viven c\u00f3modamente mientras la gente sufre. \u00abNecesitamos ver el trabajo, el sufrimiento de la gente\u00bb, concluye el Papa en esta entrevista que promete generar reflexiones en la comunidad cat\u00f3lica<\/p>\n","protected":false},"excerpt":{"rendered":"<p>En una entrevista exclusiva que ser\u00e1 publicada en la revista cat\u00f3lica &#8216;Credere&#8217;, el Papa Francisco&#8230;<\/p>\n","protected":false},"author":1,"featured_media":21355,"comment_status":"open","ping_status":"closed","sticky":false,"template":"","format":"standard","meta":{"footnotes":""},"categories":[5],"tags":[],"class_list":["post-21353","post","type-post","status-publish","format-standard","has-post-thumbnail","hentry","category-internacional"],"_links":{"self":[{"href":"https:\/\/sacramentoqr.com\/index.php?rest_route=\/wp\/v2\/posts\/21353","targetHints":{"allow":["GET"]}}],"collection":[{"href":"https:\/\/sacramentoqr.com\/index.php?rest_route=\/wp\/v2\/posts"}],"about":[{"href":"https:\/\/sacramentoqr.com\/index.php?rest_route=\/wp\/v2\/types\/post"}],"author":[{"embeddable":true,"href":"https:\/\/sacramentoqr.com\/index.php?rest_route=\/wp\/v2\/users\/1"}],"replies":[{"embeddable":true,"href":"https:\/\/sacramentoqr.com\/index.php?rest_route=%2Fwp%2Fv2%2Fcomments&post=21353"}],"version-history":[{"count":1,"href":"https:\/\/sacramentoqr.com\/index.php?rest_route=\/wp\/v2\/posts\/21353\/revisions"}],"predecessor-version":[{"id":21354,"href":"https:\/\/sacramentoqr.com\/index.php?rest_route=\/wp\/v2\/posts\/21353\/revisions\/21354"}],"wp:featuredmedia":[{"embeddable":true,"href":"https:\/\/sacramentoqr.com\/index.php?rest_route=\/wp\/v2\/media\/21355"}],"wp:attachment":[{"href":"https:\/\/sacramentoqr.com\/index.php?rest_route=%2Fwp%2Fv2%2Fmedia&parent=21353"}],"wp:term":[{"taxonomy":"category","embeddable":true,"href":"https:\/\/sacramentoqr.com\/index.php?rest_route=%2Fwp%2Fv2%2Fcategories&post=21353"},{"taxonomy":"post_tag","embeddable":true,"href":"https:\/\/sacramentoqr.com\/index.php?rest_route=%2Fwp%2Fv2%2Ftags&post=21353"}],"curies":[{"name":"wp","href":"https:\/\/api.w.org\/{rel}","templated":true}]}}