{"id":21362,"date":"2024-02-08T09:25:09","date_gmt":"2024-02-08T14:25:09","guid":{"rendered":"https:\/\/sacramentoqr.com\/?p=21362"},"modified":"2024-02-08T14:25:11","modified_gmt":"2024-02-08T14:25:11","slug":"alumnos-de-primaria-truenan-mate-y-lectura-reporte-de-la-mejoredu","status":"publish","type":"post","link":"https:\/\/sacramentoqr.com\/?p=21362","title":{"rendered":"Alumnos de primaria truenan mate y lectura: reporte de la Mejoredu"},"content":{"rendered":"<p>Pr\u00e1cticamente 6 de cada diez alumnos de cuarto y quinto de primaria (58.8% y 57.3%) obtuvieron menos de 40% de aciertos en el \u00e1rea de Lectura, y casi 8 de cada diez (76.4%) de quinto de primaria no alcanzaron m\u00e1s de 40% de aciertos en Matem\u00e1ticas en las evaluaciones diagn\u00f3sticas del a\u00f1o pasado, lo que los coloca en un nivel de alta prioridad de atenci\u00f3n.<\/p>\n<p>&nbsp;<\/p>\n<p>De acuerdo con los Indicadores nacionales de la mejora continua de la educaci\u00f3n en M\u00e9xico, 2023, difundidos ayer por la Comisi\u00f3n Nacional para la Mejora Continua de la Educaci\u00f3n \u00a0(Mejoredu), los estudiantes de dichos grados se caracterizan por haber cursado tercero y cuarto de primaria en pandemia, lo cual refleja la necesidad de reforzar los aprendizajes del segundo ciclo de primaria en las aulas, equivalente a la Fase 4 del nuevo plan de estudios 2022.<\/p>\n<p>&nbsp;<\/p>\n<p>Las evaluaciones diagn\u00f3sticas aplicadas en 2023 a estudiantes de segundo de primaria hasta tercero de secundaria muestran \u00a0que en la asignatura de Formaci\u00f3n C\u00edvica y \u00c9tica, cuarto de primaria y segundo de secundaria tuvieron la mayor proporci\u00f3n de estudiantes ubicados en el nivel de prioridad alta con 49% y 48% respectivamente.<\/p>\n<p>&nbsp;<\/p>\n<p>En su informe, la Mejoredu record\u00f3 que los estudiantes en nivel de prioridad de atenci\u00f3n alta \u00a0son quienes m\u00e1s requieren estrategias de intervenci\u00f3n para fortalecer aquellos aprendizajes curriculares que, adem\u00e1s de considerarse los m\u00e1s relevantes en el Sistema Educativo Nacional, resultaron ser de mayor dificultad para el alumnado.<\/p>\n<p>&nbsp;<\/p>\n<p>Entre los hallazgos del informe destaca que si bien la emergencia sanitaria por covid-19 dej\u00f3 de ser un problema de salud p\u00fablica, al inicio del ciclo escolar 2022-2023, el sistema educativo no hab\u00eda logrado recuperar las tasas de cobertura en los tipos y niveles educativos m\u00e1s afectados por la contingencia: educaci\u00f3n preescolar y media superior.<\/p>\n<p>&nbsp;<\/p>\n<p>En educaci\u00f3n preescolar, la tasa de cobertura neta pas\u00f3 de 69.8% en el ciclo escolar 2019-2020 a 62.1% en el 2021-2022, lo que equivale a una reducci\u00f3n de 7.7 puntos entre estos dos ciclos \u00a0y para el ciclo 2022-2023 fue de 62 por ciento.<\/p>\n<p>&nbsp;<\/p>\n<p>Reconoci\u00f3 que se desconoce con precisi\u00f3n la magnitud de las p\u00e9rdidas y las ganancias de los aprendizajes durante la pandemia.<\/p>\n","protected":false},"excerpt":{"rendered":"<p>Pr\u00e1cticamente 6 de cada diez alumnos de cuarto y quinto de primaria (58.8% y 57.3%)&#8230;<\/p>\n","protected":false},"author":1,"featured_media":21364,"comment_status":"open","ping_status":"closed","sticky":false,"template":"","format":"standard","meta":{"footnotes":""},"categories":[7],"tags":[],"class_list":["post-21362","post","type-post","status-publish","format-standard","has-post-thumbnail","hentry","category-nacional"],"_links":{"self":[{"href":"https:\/\/sacramentoqr.com\/index.php?rest_route=\/wp\/v2\/posts\/21362","targetHints":{"allow":["GET"]}}],"collection":[{"href":"https:\/\/sacramentoqr.com\/index.php?rest_route=\/wp\/v2\/posts"}],"about":[{"href":"https:\/\/sacramentoqr.com\/index.php?rest_route=\/wp\/v2\/types\/post"}],"author":[{"embeddable":true,"href":"https:\/\/sacramentoqr.com\/index.php?rest_route=\/wp\/v2\/users\/1"}],"replies":[{"embeddable":true,"href":"https:\/\/sacramentoqr.com\/index.php?rest_route=%2Fwp%2Fv2%2Fcomments&post=21362"}],"version-history":[{"count":1,"href":"https:\/\/sacramentoqr.com\/index.php?rest_route=\/wp\/v2\/posts\/21362\/revisions"}],"predecessor-version":[{"id":21363,"href":"https:\/\/sacramentoqr.com\/index.php?rest_route=\/wp\/v2\/posts\/21362\/revisions\/21363"}],"wp:featuredmedia":[{"embeddable":true,"href":"https:\/\/sacramentoqr.com\/index.php?rest_route=\/wp\/v2\/media\/21364"}],"wp:attachment":[{"href":"https:\/\/sacramentoqr.com\/index.php?rest_route=%2Fwp%2Fv2%2Fmedia&parent=21362"}],"wp:term":[{"taxonomy":"category","embeddable":true,"href":"https:\/\/sacramentoqr.com\/index.php?rest_route=%2Fwp%2Fv2%2Fcategories&post=21362"},{"taxonomy":"post_tag","embeddable":true,"href":"https:\/\/sacramentoqr.com\/index.php?rest_route=%2Fwp%2Fv2%2Ftags&post=21362"}],"curies":[{"name":"wp","href":"https:\/\/api.w.org\/{rel}","templated":true}]}}