{"id":21389,"date":"2024-02-10T13:56:05","date_gmt":"2024-02-10T18:56:05","guid":{"rendered":"https:\/\/sacramentoqr.com\/?p=21389"},"modified":"2024-02-10T18:56:06","modified_gmt":"2024-02-10T18:56:06","slug":"alertan-por-violencia-y-arbitros-electorales-debiles","status":"publish","type":"post","link":"https:\/\/sacramentoqr.com\/?p=21389","title":{"rendered":"Alertan por violencia y \u00e1rbitros electorales d\u00e9biles"},"content":{"rendered":"<p>En su primer informe semanal sobre los riesgos pol\u00edtico-electorales en el proceso ya en marcha, el grupo de expertos Alerta Democr\u00e1tica se\u00f1al\u00f3 que, de acuerdo con el seguimiento realizado hasta ahora, son 14 las personas aspirantes a una candidatura que fueron asesinadas.<\/p>\n<p>Advirtieron que la violencia electoral se ha registrado en 64 casos que derivaron, adem\u00e1s, con la muerte de otras 37 personas vinculadas a lo electoral.<\/p>\n<p>Este colectivo de especialistas se encuentra conformado por exconsejeros y exfuncionarios electorales y estudiosos del tema como Mar\u00eda del Carmen Alan\u00eds, Marco Ba\u00f1os, Arturo Espinosa Silis, Teresa Gonz\u00e1lez Luna, Juan Manuel Herrero, Luis Miguel Santib\u00e1\u00f1ez, Patricia McCarthy, Rodrigo Morales Manzanares y Arturo S\u00e1nchez Guti\u00e9rrez.<\/p>\n<p>Adem\u00e1s de se\u00f1alar que la violencia es un riesgo para el proceso electoral en curso, Alerta Democr\u00e1tica considera que hay intervenci\u00f3n indebida de servidores p\u00fablicos en el proceso.<\/p>\n<p>Al respecto, el reporte precisa que \u201clas iniciativas de reforma constitucionales presentadas esta semana por el presidente (Andr\u00e9s Manuel L\u00f3pez Obrador) son la justificaci\u00f3n para que pueda incidir indebidamente en el proceso electoral\u201d.<\/p>\n<p>Otra situaci\u00f3n que amerita prender las alertas, seg\u00fan este equipo de seguimiento, es el debilitamiento de las autoridades electorales a partir de su insuficiente integraci\u00f3n.<\/p>\n<p>Puntualizan que \u201cla falta de nombramientos de magistraturas electorales por parte del Senado de la Rep\u00fablica debilita la justicia electoral\u201d.<\/p>\n<p>Tan s\u00f3lo en el caso de la Sala Superior del Tribunal Electoral del Poder Judicial de la Federaci\u00f3n (TEPJF) est\u00e1 pendiente la designaci\u00f3n de dos magistrados, aun cuando la Suprema Corte de Justicia de la Naci\u00f3n ya envi\u00f3 propuestas a los senadores.<\/p>\n<p>Semanalmente daremos a conocer alertas democr\u00e1ticas sobre las condiciones de la competencia, la log\u00edstica y organizaci\u00f3n de la elecci\u00f3n y el arbitraje electoral\u201d, definieron los integrantes de Alerta Democr\u00e1tica.<\/p>\n","protected":false},"excerpt":{"rendered":"<p>En su primer informe semanal sobre los riesgos pol\u00edtico-electorales en el proceso ya en marcha,&#8230;<\/p>\n","protected":false},"author":1,"featured_media":21391,"comment_status":"open","ping_status":"closed","sticky":false,"template":"","format":"standard","meta":{"footnotes":""},"categories":[7],"tags":[],"class_list":["post-21389","post","type-post","status-publish","format-standard","has-post-thumbnail","hentry","category-nacional"],"_links":{"self":[{"href":"https:\/\/sacramentoqr.com\/index.php?rest_route=\/wp\/v2\/posts\/21389","targetHints":{"allow":["GET"]}}],"collection":[{"href":"https:\/\/sacramentoqr.com\/index.php?rest_route=\/wp\/v2\/posts"}],"about":[{"href":"https:\/\/sacramentoqr.com\/index.php?rest_route=\/wp\/v2\/types\/post"}],"author":[{"embeddable":true,"href":"https:\/\/sacramentoqr.com\/index.php?rest_route=\/wp\/v2\/users\/1"}],"replies":[{"embeddable":true,"href":"https:\/\/sacramentoqr.com\/index.php?rest_route=%2Fwp%2Fv2%2Fcomments&post=21389"}],"version-history":[{"count":1,"href":"https:\/\/sacramentoqr.com\/index.php?rest_route=\/wp\/v2\/posts\/21389\/revisions"}],"predecessor-version":[{"id":21390,"href":"https:\/\/sacramentoqr.com\/index.php?rest_route=\/wp\/v2\/posts\/21389\/revisions\/21390"}],"wp:featuredmedia":[{"embeddable":true,"href":"https:\/\/sacramentoqr.com\/index.php?rest_route=\/wp\/v2\/media\/21391"}],"wp:attachment":[{"href":"https:\/\/sacramentoqr.com\/index.php?rest_route=%2Fwp%2Fv2%2Fmedia&parent=21389"}],"wp:term":[{"taxonomy":"category","embeddable":true,"href":"https:\/\/sacramentoqr.com\/index.php?rest_route=%2Fwp%2Fv2%2Fcategories&post=21389"},{"taxonomy":"post_tag","embeddable":true,"href":"https:\/\/sacramentoqr.com\/index.php?rest_route=%2Fwp%2Fv2%2Ftags&post=21389"}],"curies":[{"name":"wp","href":"https:\/\/api.w.org\/{rel}","templated":true}]}}