{"id":21511,"date":"2024-02-14T11:21:15","date_gmt":"2024-02-14T16:21:15","guid":{"rendered":"https:\/\/sacramentoqr.com\/?p=21511"},"modified":"2024-02-14T16:21:16","modified_gmt":"2024-02-14T16:21:16","slug":"papa-francisco-pide-que-ante-tantas-guerras-no-se-cierre-el-corazon-para-los-mas-necesitados","status":"publish","type":"post","link":"https:\/\/sacramentoqr.com\/?p=21511","title":{"rendered":"Papa Francisco pide que, ante tantas guerras, no se cierre el coraz\u00f3n para los m\u00e1s necesitados"},"content":{"rendered":"<p>El papa Francisco pidi\u00f3 este mi\u00e9rcoles que, ante tantas guerras que hay en el mundo, no se cierre el coraz\u00f3n ante los necesitados y se contin\u00fae ayud\u00e1ndolos, durante la audiencia general celebrada en el aula Pablo VI del Vaticano<\/p>\n<p>Francisco realiz\u00f3 este llamamiento tras recordar que este mi\u00e9rcoles se celebra en todas las iglesias polacas una colecta para ayudar a Ucrania.<\/p>\n<p>Que la oraci\u00f3n, el ayuno y la limosna sean el camino para construir la paz\u201d, observ\u00f3.<\/p>\n<p>Y renov\u00f3 su llamamiento para que se rece por Ucrania, Palestina e Israel, que est\u00e1n \u201csufriendo tanto por las guerras\u201d, y aprovech\u00f3 el inicio de la Cuaresma para instar a rezar \u201cpara pedir la paz en el mundo\u201d.<\/p>\n<p>Este martes, el secretario de Estado vaticano, al margen del acto en la embajada de Italia ante la Santa Sede con motivo del aniversario de los Pactos de Letr\u00e1n, se\u00f1al\u00f3 el derecho de Israel a la defensa pero pidi\u00f3 que fuera \u201cproporcionado\u201d y asegur\u00f3 que \u201cciertamente con 30 mil muertos no lo es\u201d.<\/p>\n<p>Por otra parte, el papa Francisco se refiri\u00f3 este mi\u00e9rcoles a que \u201choy en d\u00eda hay muchos m\u00e1rtires en todo el mundo, quiz\u00e1 m\u00e1s que en el inicio\u201d y que siguen siendo perseguidos por su fe.<\/p>\n<p>Y cit\u00f3 al cardenal alban\u00e9s Ernest Simoni, que se encontraba presente en la audiencia, que estuvo 28 a\u00f1os en una c\u00e1rcel durante el r\u00e9gimen comunista y que a sus 95 a\u00f1os \u201csigue dando su testimonio por la Iglesia\u201d.<\/p>\n<p>&nbsp;<\/p>\n","protected":false},"excerpt":{"rendered":"<p>El papa Francisco pidi\u00f3 este mi\u00e9rcoles que, ante tantas guerras que hay en el mundo,&#8230;<\/p>\n","protected":false},"author":1,"featured_media":21513,"comment_status":"open","ping_status":"closed","sticky":false,"template":"","format":"standard","meta":{"footnotes":""},"categories":[5],"tags":[],"class_list":["post-21511","post","type-post","status-publish","format-standard","has-post-thumbnail","hentry","category-internacional"],"_links":{"self":[{"href":"https:\/\/sacramentoqr.com\/index.php?rest_route=\/wp\/v2\/posts\/21511","targetHints":{"allow":["GET"]}}],"collection":[{"href":"https:\/\/sacramentoqr.com\/index.php?rest_route=\/wp\/v2\/posts"}],"about":[{"href":"https:\/\/sacramentoqr.com\/index.php?rest_route=\/wp\/v2\/types\/post"}],"author":[{"embeddable":true,"href":"https:\/\/sacramentoqr.com\/index.php?rest_route=\/wp\/v2\/users\/1"}],"replies":[{"embeddable":true,"href":"https:\/\/sacramentoqr.com\/index.php?rest_route=%2Fwp%2Fv2%2Fcomments&post=21511"}],"version-history":[{"count":1,"href":"https:\/\/sacramentoqr.com\/index.php?rest_route=\/wp\/v2\/posts\/21511\/revisions"}],"predecessor-version":[{"id":21512,"href":"https:\/\/sacramentoqr.com\/index.php?rest_route=\/wp\/v2\/posts\/21511\/revisions\/21512"}],"wp:featuredmedia":[{"embeddable":true,"href":"https:\/\/sacramentoqr.com\/index.php?rest_route=\/wp\/v2\/media\/21513"}],"wp:attachment":[{"href":"https:\/\/sacramentoqr.com\/index.php?rest_route=%2Fwp%2Fv2%2Fmedia&parent=21511"}],"wp:term":[{"taxonomy":"category","embeddable":true,"href":"https:\/\/sacramentoqr.com\/index.php?rest_route=%2Fwp%2Fv2%2Fcategories&post=21511"},{"taxonomy":"post_tag","embeddable":true,"href":"https:\/\/sacramentoqr.com\/index.php?rest_route=%2Fwp%2Fv2%2Ftags&post=21511"}],"curies":[{"name":"wp","href":"https:\/\/api.w.org\/{rel}","templated":true}]}}