{"id":21521,"date":"2024-02-15T10:23:44","date_gmt":"2024-02-15T15:23:44","guid":{"rendered":"https:\/\/sacramentoqr.com\/?p=21521"},"modified":"2024-02-15T15:23:45","modified_gmt":"2024-02-15T15:23:45","slug":"gobierno-federal-anuncia-que-se-ampliara-programa-de-no-pago-por-la-electricidad-en-acapulco-hasta-junio","status":"publish","type":"post","link":"https:\/\/sacramentoqr.com\/?p=21521","title":{"rendered":"Gobierno federal anuncia que se ampliar\u00e1 programa de no pago por la electricidad en Acapulco hasta junio"},"content":{"rendered":"<p>A casi cuatro meses del impacto del hurac\u00e1n \u201cOtis\u201d, Luisa Mar\u00eda Alcalde, secretaria de Gobernaci\u00f3n (Segob), anunci\u00f3 este jueves que se ampliar\u00e1 dos bimestres m\u00e1s -marzo-abril, mayo-junio- el programa de no pago por el servicio de electricidad para los habitantes de Acapulco.<\/p>\n<p>En conferencia de prensa en las instalaciones de la 12 Regi\u00f3n Naval, la secretaria se\u00f1al\u00f3 que se ampl\u00eda este apoyo porque vienen \u00e9pocas de calor, lo cual generar\u00eda un gasto importante para las familias del puerto.<\/p>\n<p>\u00abQueremos iniciar informando que vamos a ampliar el apoyo al no pago de electricidad, del servicio el\u00e9ctrico por parte de la Comisi\u00f3n Federal de Electricidad. Iba a concluir el \u00faltimo d\u00eda de febrero, se va a ampliar el \u00faltimo d\u00eda de febrero, se va a ampliar dos bimestres m\u00e1s, es decir, no habr\u00eda pago para marzo y abril, ni para mayo ni junio.<\/p>\n<p>\u201cTodo esto porque sabemos que viene \u00e9pocas de calor, viene la Semana Santa, viene el verano, viene un gasto importante y para poder seguir colaborando y seguir ayudando, apoyando a las familias, de Acapulco hacemos este anuncio donde se suspender\u00e1 este pago\u201d, explic\u00f3.<\/p>\n<p>Frente al presidente L\u00f3pez Obrador, Luisa Mar\u00eda Alcalde llam\u00f3 a las familias acapulque\u00f1as a ahorrar y utilizar la electricidad de forma racional.<\/p>\n<p>\u201cPero sabemos que hay un compromiso de todos y todas\u201d, dijo.<\/p>\n<p>Destac\u00f3 que actualmente hay en el puerto de Acapulco -sin contar elementos de las Fuerzas Armadas &#8211; 3 mil 435 funcionarios del gobierno federal y se ha invertido 28 mil 463 millones de pesos en la reconstrucci\u00f3n del puerto.<\/p>\n<p>&nbsp;<\/p>\n<p>&nbsp;<\/p>\n<p>&nbsp;<\/p>\n<p>&nbsp;<\/p>\n","protected":false},"excerpt":{"rendered":"<p>A casi cuatro meses del impacto del hurac\u00e1n \u201cOtis\u201d, Luisa Mar\u00eda Alcalde, secretaria de Gobernaci\u00f3n&#8230;<\/p>\n","protected":false},"author":1,"featured_media":21523,"comment_status":"open","ping_status":"closed","sticky":false,"template":"","format":"standard","meta":{"footnotes":""},"categories":[7],"tags":[],"class_list":["post-21521","post","type-post","status-publish","format-standard","has-post-thumbnail","hentry","category-nacional"],"_links":{"self":[{"href":"https:\/\/sacramentoqr.com\/index.php?rest_route=\/wp\/v2\/posts\/21521","targetHints":{"allow":["GET"]}}],"collection":[{"href":"https:\/\/sacramentoqr.com\/index.php?rest_route=\/wp\/v2\/posts"}],"about":[{"href":"https:\/\/sacramentoqr.com\/index.php?rest_route=\/wp\/v2\/types\/post"}],"author":[{"embeddable":true,"href":"https:\/\/sacramentoqr.com\/index.php?rest_route=\/wp\/v2\/users\/1"}],"replies":[{"embeddable":true,"href":"https:\/\/sacramentoqr.com\/index.php?rest_route=%2Fwp%2Fv2%2Fcomments&post=21521"}],"version-history":[{"count":1,"href":"https:\/\/sacramentoqr.com\/index.php?rest_route=\/wp\/v2\/posts\/21521\/revisions"}],"predecessor-version":[{"id":21522,"href":"https:\/\/sacramentoqr.com\/index.php?rest_route=\/wp\/v2\/posts\/21521\/revisions\/21522"}],"wp:featuredmedia":[{"embeddable":true,"href":"https:\/\/sacramentoqr.com\/index.php?rest_route=\/wp\/v2\/media\/21523"}],"wp:attachment":[{"href":"https:\/\/sacramentoqr.com\/index.php?rest_route=%2Fwp%2Fv2%2Fmedia&parent=21521"}],"wp:term":[{"taxonomy":"category","embeddable":true,"href":"https:\/\/sacramentoqr.com\/index.php?rest_route=%2Fwp%2Fv2%2Fcategories&post=21521"},{"taxonomy":"post_tag","embeddable":true,"href":"https:\/\/sacramentoqr.com\/index.php?rest_route=%2Fwp%2Fv2%2Ftags&post=21521"}],"curies":[{"name":"wp","href":"https:\/\/api.w.org\/{rel}","templated":true}]}}