{"id":21527,"date":"2024-02-15T12:10:41","date_gmt":"2024-02-15T17:10:41","guid":{"rendered":"https:\/\/sacramentoqr.com\/?p=21527"},"modified":"2024-02-15T17:10:43","modified_gmt":"2024-02-15T17:10:43","slug":"putin-lamenta-que-tucker-carlson-no-hizo-preguntas-incisivas-en-su-entrevista","status":"publish","type":"post","link":"https:\/\/sacramentoqr.com\/?p=21527","title":{"rendered":"Putin lamenta que Tucker Carlson no hizo preguntas incisivas en su entrevista"},"content":{"rendered":"<p>El presidente ruso, Vlad\u00edmir Putin, expres\u00f3 su pesar por la falta de preguntas incisivas formuladas por el expresentador de Fox News, Tucker Carlson, durante su entrevista. Esta fue la primera concedida a un periodista occidental desde el inicio de la guerra en Ucrania y se public\u00f3 hace una semana.<\/p>\n<p>En una entrevista con el presentador de la televisi\u00f3n estatal rusa P\u00e1vel Zarubin, publicada en Telegram la noche anterior, Putin coment\u00f3: \u00abFrancamente, pens\u00e9 que (Carlson) se comportar\u00eda de manera agresiva, que har\u00eda, lo que se dice, preguntas dif\u00edciles. No solo estaba preparado para ello, sino que lo deseaba\u00bb.<\/p>\n<p>Putin se\u00f1al\u00f3 que esta falta de confrontaci\u00f3n en las preguntas no le permiti\u00f3 responder como se hab\u00eda preparado, lo que habr\u00eda otorgado \u00abcierta especificidad\u00bb a la conversaci\u00f3n.<\/p>\n<p>La pol\u00e9mica entrevista, que ha recibido cr\u00edticas severas por parte de los pa\u00edses occidentales y Ucrania, tuvo una duraci\u00f3n de dos horas y siete minutos. Fue publicada en el sitio web del periodista ultraconservador y en la red social X, que ha sido bloqueada en Rusia desde el inicio de la guerra en Ucrania.<\/p>\n","protected":false},"excerpt":{"rendered":"<p>El presidente ruso, Vlad\u00edmir Putin, expres\u00f3 su pesar por la falta de preguntas incisivas formuladas&#8230;<\/p>\n","protected":false},"author":1,"featured_media":21529,"comment_status":"open","ping_status":"closed","sticky":false,"template":"","format":"standard","meta":{"footnotes":""},"categories":[5],"tags":[],"class_list":["post-21527","post","type-post","status-publish","format-standard","has-post-thumbnail","hentry","category-internacional"],"_links":{"self":[{"href":"https:\/\/sacramentoqr.com\/index.php?rest_route=\/wp\/v2\/posts\/21527","targetHints":{"allow":["GET"]}}],"collection":[{"href":"https:\/\/sacramentoqr.com\/index.php?rest_route=\/wp\/v2\/posts"}],"about":[{"href":"https:\/\/sacramentoqr.com\/index.php?rest_route=\/wp\/v2\/types\/post"}],"author":[{"embeddable":true,"href":"https:\/\/sacramentoqr.com\/index.php?rest_route=\/wp\/v2\/users\/1"}],"replies":[{"embeddable":true,"href":"https:\/\/sacramentoqr.com\/index.php?rest_route=%2Fwp%2Fv2%2Fcomments&post=21527"}],"version-history":[{"count":1,"href":"https:\/\/sacramentoqr.com\/index.php?rest_route=\/wp\/v2\/posts\/21527\/revisions"}],"predecessor-version":[{"id":21528,"href":"https:\/\/sacramentoqr.com\/index.php?rest_route=\/wp\/v2\/posts\/21527\/revisions\/21528"}],"wp:featuredmedia":[{"embeddable":true,"href":"https:\/\/sacramentoqr.com\/index.php?rest_route=\/wp\/v2\/media\/21529"}],"wp:attachment":[{"href":"https:\/\/sacramentoqr.com\/index.php?rest_route=%2Fwp%2Fv2%2Fmedia&parent=21527"}],"wp:term":[{"taxonomy":"category","embeddable":true,"href":"https:\/\/sacramentoqr.com\/index.php?rest_route=%2Fwp%2Fv2%2Fcategories&post=21527"},{"taxonomy":"post_tag","embeddable":true,"href":"https:\/\/sacramentoqr.com\/index.php?rest_route=%2Fwp%2Fv2%2Ftags&post=21527"}],"curies":[{"name":"wp","href":"https:\/\/api.w.org\/{rel}","templated":true}]}}