{"id":21545,"date":"2024-02-17T08:43:56","date_gmt":"2024-02-17T13:43:56","guid":{"rendered":"https:\/\/sacramentoqr.com\/?p=21545"},"modified":"2024-02-17T13:43:58","modified_gmt":"2024-02-17T13:43:58","slug":"world-challenge-madrid-2024-mexico-participara-con-14-ninos-de-nuevo-leon","status":"publish","type":"post","link":"https:\/\/sacramentoqr.com\/?p=21545","title":{"rendered":"World Challenge Madrid 2024: M\u00e9xico participar\u00e1 con 14 ni\u00f1os de Nuevo Le\u00f3n"},"content":{"rendered":"<p>Cabe destacar que el equipo de futbol representativo de M\u00e9xico gan\u00f3 la competencia internacional World Challenge de la Fundaci\u00f3n Real Madrid 2023, derrotando en la final al equipo de Alemania, con una competencia que se llev\u00f3 a cabo en Espa\u00f1a.<\/p>\n<p>De nueva cuenta la segunda generaci\u00f3n ir\u00e1 al World Challenge Fundaci\u00f3n Real Madrid, est\u00e1 con los \u00faltimos preparativos para el torneo que se llevar\u00e1 a cabo del 25 al 28 de marzo en las instalaciones de Valdebebas. El Gobernador del estado de Nuevo Le\u00f3n, Samuel Garc\u00eda Sep\u00falveda, la directora general del INDE, Melody Falc\u00f3, la secretaria de Igualdad e Inclusi\u00f3n, Martha Herrera, dieron a conocer el nuevo equipo mixto conformado por 14 j\u00f3venes quienes viajaran a Madrid.<\/p>\n<p>El equipo est\u00e1 conformado de j\u00f3venes con escasos recursos procedentes de nueve Centros Comunitarios establecidos en el estado de Nuevo Le\u00f3n y se espera defender la corona que se consigui\u00f3 el a\u00f1o anterior en el debut en el torneo con el objetivo de incentivar el deporte en los j\u00f3venes.<\/p>\n<p>\u00abNos sentimos contentos en este d\u00eda en el que los deportistas de Centros Comunitarios de Nuevo Le\u00f3n estemos a un paso de cumplir un sue\u00f1o, vamos a llegar lejos, gracias a nuestras familias, ahora nos toca a nosotros representar a nuestro pa\u00eds M\u00e9xico y Nuevo Le\u00f3n para abrirle el camino a los que vienen. Queremos demostrar que Nuevo Le\u00f3n es tierra de campeones, la Copa se va a quedar en Nuevo Le\u00f3n\u00bb, dijo Santiago Rafael, portero de la escuadra.<\/p>\n<p>El gobernador de Nuevo Le\u00f3n, Samuel Garc\u00eda, declaro que su labor ser\u00e1 dar seguimiento a la carrera deportiva de los futbolistas.<\/p>\n<p>Las becas econ\u00f3micas, se gestionamos a trav\u00e9s de las distintas universidades o colegios del Estados para que ellos puedan seguir sus estudios y tener una carrera, ojal\u00e1 sea a trav\u00e9s del deporte\u00bb. Dijo Martha Herrera secretaria de Igualdad e Inclusi\u00f3n.<\/p>\n","protected":false},"excerpt":{"rendered":"<p>Cabe destacar que el equipo de futbol representativo de M\u00e9xico gan\u00f3 la competencia internacional World&#8230;<\/p>\n","protected":false},"author":1,"featured_media":21547,"comment_status":"open","ping_status":"closed","sticky":false,"template":"","format":"standard","meta":{"footnotes":""},"categories":[3],"tags":[],"class_list":["post-21545","post","type-post","status-publish","format-standard","has-post-thumbnail","hentry","category-deportes"],"_links":{"self":[{"href":"https:\/\/sacramentoqr.com\/index.php?rest_route=\/wp\/v2\/posts\/21545","targetHints":{"allow":["GET"]}}],"collection":[{"href":"https:\/\/sacramentoqr.com\/index.php?rest_route=\/wp\/v2\/posts"}],"about":[{"href":"https:\/\/sacramentoqr.com\/index.php?rest_route=\/wp\/v2\/types\/post"}],"author":[{"embeddable":true,"href":"https:\/\/sacramentoqr.com\/index.php?rest_route=\/wp\/v2\/users\/1"}],"replies":[{"embeddable":true,"href":"https:\/\/sacramentoqr.com\/index.php?rest_route=%2Fwp%2Fv2%2Fcomments&post=21545"}],"version-history":[{"count":1,"href":"https:\/\/sacramentoqr.com\/index.php?rest_route=\/wp\/v2\/posts\/21545\/revisions"}],"predecessor-version":[{"id":21546,"href":"https:\/\/sacramentoqr.com\/index.php?rest_route=\/wp\/v2\/posts\/21545\/revisions\/21546"}],"wp:featuredmedia":[{"embeddable":true,"href":"https:\/\/sacramentoqr.com\/index.php?rest_route=\/wp\/v2\/media\/21547"}],"wp:attachment":[{"href":"https:\/\/sacramentoqr.com\/index.php?rest_route=%2Fwp%2Fv2%2Fmedia&parent=21545"}],"wp:term":[{"taxonomy":"category","embeddable":true,"href":"https:\/\/sacramentoqr.com\/index.php?rest_route=%2Fwp%2Fv2%2Fcategories&post=21545"},{"taxonomy":"post_tag","embeddable":true,"href":"https:\/\/sacramentoqr.com\/index.php?rest_route=%2Fwp%2Fv2%2Ftags&post=21545"}],"curies":[{"name":"wp","href":"https:\/\/api.w.org\/{rel}","templated":true}]}}