{"id":21554,"date":"2024-02-17T13:08:44","date_gmt":"2024-02-17T18:08:44","guid":{"rendered":"https:\/\/sacramentoqr.com\/?p=21554"},"modified":"2024-02-17T18:08:46","modified_gmt":"2024-02-17T18:08:46","slug":"por-primera-vez-los-mestizos-son-la-mayor-poblacion-de-brasil","status":"publish","type":"post","link":"https:\/\/sacramentoqr.com\/?p=21554","title":{"rendered":"Por primera vez, los mestizos son la mayor poblaci\u00f3n de Brasil"},"content":{"rendered":"<p>La poblaci\u00f3n que se autodenomina mestiza ha superado, por primera vez en los registros censales, a la poblaci\u00f3n blanca en Brasil, consolid\u00e1ndose como el grupo \u00e9tnico-racial m\u00e1s grande del pa\u00eds sudamericano. Seg\u00fan los datos presentados por el Instituto Brasile\u00f1o de Geograf\u00eda y Estad\u00edstica (IBGE) a finales de diciembre pasado, los &#8216;pardos&#8217; ahora suman 92.1 millones de habitantes, representando el 45.3% de la poblaci\u00f3n total del pa\u00eds.<\/p>\n<p>El estudio censal revel\u00f3 que los blancos, que anteriormente constitu\u00edan el grupo m\u00e1s grande, ahora representan el 43.5% de la poblaci\u00f3n, equivalente a 88,2 millones de personas. Esta transici\u00f3n marca un cambio significativo en el perfil \u00e9tnico de la poblaci\u00f3n brasile\u00f1a, con un aumento en la autoidentificaci\u00f3n como mestizos y negros.<\/p>\n<p>Desde el a\u00f1o 2000, ha habido un aumento constante en el porcentaje de personas que se identifican como negras y mestizas. En el censo de 2010, estos dos grupos combinados superaron por primera vez a la poblaci\u00f3n que se declaraba blanca, marcando un punto de inflexi\u00f3n. En el censo m\u00e1s reciente, la tendencia al alza continu\u00f3, con los &#8216;pardos&#8217; representando el 43.1% y los negros el 7.6% de la poblaci\u00f3n en 2010. Actualmente, el 10.2% de la poblaci\u00f3n se reconoce como negra, lo que equivale a aproximadamente 20.6 millones de personas.<\/p>\n<p>El IBGE se\u00f1al\u00f3 que este aumento del 42.3% en la autoidentificaci\u00f3n como negra es la segunda cifra m\u00e1s alta de la \u00faltima d\u00e9cada, solo superada por el aumento de la poblaci\u00f3n ind\u00edgena, que creci\u00f3 un 89% entre 2010 y 2022. Actualmente, hay m\u00e1s de 1,6 millones de ind\u00edgenas en Brasil, representando el 0,8% de la poblaci\u00f3n, casi el doble de la cifra registrada en 2010.<\/p>\n<p>M\u00e1rcio Pochmann, presidente del IBGE, resalt\u00f3 la importancia del censo para comprender cient\u00edfica y t\u00e9cnicamente el perfil de la poblaci\u00f3n brasile\u00f1a. Por su parte, Jo\u00e3o Jorge Rodrigues, presidente de la Fundaci\u00f3n Palmares, afirm\u00f3 que estos datos ser\u00e1n fundamentales para desarrollar pol\u00edticas destinadas a la poblaci\u00f3n negra en municipios, estados y a nivel nacional.<\/p>\n<p>En t\u00e9rminos de autoidentificaci\u00f3n \u00e9tnico-racial, la poblaci\u00f3n asi\u00e1tica fue la que experiment\u00f3 la mayor disminuci\u00f3n de un censo a otro. En 2022, alrededor de 850 mil personas se declararon de origen oriental, lo que representa el 0.4% de la poblaci\u00f3n brasile\u00f1a, en comparaci\u00f3n con el 1.1% registrado en 2010. Esta reducci\u00f3n se atribuye a una mejora en la metodolog\u00eda de investigaci\u00f3n, que incluy\u00f3 preguntas adicionales para verificar si la persona ten\u00eda un origen oriental espec\u00edfico, como chino, japon\u00e9s o coreano.<\/p>\n<p>El proceso de clasificaci\u00f3n \u00e9tnico-racial se lleva a cabo mediante un cuestionario administrado por censadores que visitan los hogares brasile\u00f1os para realizar entrevistas. Una de las preguntas clave es sobre el color o raza de la persona, con cinco opciones disponibles: blanco, negro, amarillo (para aquellos con ascendencia oriental), pardos (que incluye a personas que se reconocen por el color o como una mezcla de colores) e ind\u00edgena.<\/p>\n<p>Es importante destacar que estas clasificaciones se basan en la autoidentificaci\u00f3n de las personas y no son reglas impuestas desde terceros. La interpretaci\u00f3n puede variar seg\u00fan la percepci\u00f3n individual en relaci\u00f3n con el origen familiar, el color de piel, los rasgos f\u00edsicos y la etnia.<\/p>\n<p>Otro aspecto relevante que revela el Censo 2022 es la distribuci\u00f3n \u00e9tnico-racial en el territorio brasile\u00f1o. Las regiones sur y sudeste del pa\u00eds son predominantemente blancas, mientras que las regiones centro-oeste, norte y nordeste exhiben una mayor diversidad mestiza y negra.<\/p>\n<p>El sur se destaca como la regi\u00f3n m\u00e1s blanca de Brasil, con un 72.6% de la poblaci\u00f3n identific\u00e1ndose como tal. Los estados con los mayores porcentajes de poblaci\u00f3n blanca son Rio Grande do Sul (78.4%), Santa Catarina (76.3%) y Paran\u00e1 (64.3%). Por otro lado, el nordeste lidera en la proporci\u00f3n de poblaci\u00f3n negra, representando el 13% de la regi\u00f3n.<\/p>\n<p>El norte concentra las mayores proporciones de mestizos e ind\u00edgenas en todo el pa\u00eds, con el 67.2% y el 3.1%, respectivamente. Bah\u00eda, R\u00edo de Janeiro y Tocantins son los estados con los mayores porcentajes de poblaci\u00f3n negra, mientras que Par\u00e1, Amazonas y Maranh\u00e3o lideran en poblaci\u00f3n morena.<\/p>\n<p>En cuanto a la poblaci\u00f3n ind\u00edgena, Roraima encabeza la lista con el 14.1%, seguido por Amazonas (7.7%) y Acre (3.5%). Las comunidades de origen oriental est\u00e1n m\u00e1s concentradas en S\u00e3o Paulo (1.2%), Paran\u00e1 (0.9%) y Mato Grosso do Sul (0.7%).<\/p>\n<p>El Censo tambi\u00e9n proporcion\u00f3 datos sobre la distribuci\u00f3n \u00e9tnico-racial en los municipios brasile\u00f1os. Del total de 5 mil 568 ciudades, el 58.3% son mayoritariamente morenas, mientras que el 41% tienen una mayor\u00eda de poblaci\u00f3n blanca. En 33 municipios, los ind\u00edgenas constituyen la mayor\u00eda, destacando localidades como Uiramut\u00e3 (Rond\u00f4nia) y Santa Isabel do Rio Negro (Amazonas).<\/p>\n<p>Solo en nueve ciudades, los afrobrasile\u00f1os representan m\u00e1s de la mitad de la poblaci\u00f3n, como es el caso de Serrano do Maranh\u00e3o (MA) y Antonio Cardoso (BA). A pesar de la ca\u00edda en la poblaci\u00f3n blanca en todas las regiones brasile\u00f1as, esta sigue siendo mayoritaria en todos los grupos de edad, especialmente en el segmento de mayores de 60 a\u00f1os. En t\u00e9rminos de g\u00e9nero, la poblaci\u00f3n negra es la \u00fanica en la que hay m\u00e1s hombres que mujeres, con una proporci\u00f3n de 103.9 hombres.<\/p>\n","protected":false},"excerpt":{"rendered":"<p>La poblaci\u00f3n que se autodenomina mestiza ha superado, por primera vez en los registros censales,&#8230;<\/p>\n","protected":false},"author":1,"featured_media":21556,"comment_status":"open","ping_status":"closed","sticky":false,"template":"","format":"standard","meta":{"footnotes":""},"categories":[5],"tags":[],"class_list":["post-21554","post","type-post","status-publish","format-standard","has-post-thumbnail","hentry","category-internacional"],"_links":{"self":[{"href":"https:\/\/sacramentoqr.com\/index.php?rest_route=\/wp\/v2\/posts\/21554","targetHints":{"allow":["GET"]}}],"collection":[{"href":"https:\/\/sacramentoqr.com\/index.php?rest_route=\/wp\/v2\/posts"}],"about":[{"href":"https:\/\/sacramentoqr.com\/index.php?rest_route=\/wp\/v2\/types\/post"}],"author":[{"embeddable":true,"href":"https:\/\/sacramentoqr.com\/index.php?rest_route=\/wp\/v2\/users\/1"}],"replies":[{"embeddable":true,"href":"https:\/\/sacramentoqr.com\/index.php?rest_route=%2Fwp%2Fv2%2Fcomments&post=21554"}],"version-history":[{"count":1,"href":"https:\/\/sacramentoqr.com\/index.php?rest_route=\/wp\/v2\/posts\/21554\/revisions"}],"predecessor-version":[{"id":21555,"href":"https:\/\/sacramentoqr.com\/index.php?rest_route=\/wp\/v2\/posts\/21554\/revisions\/21555"}],"wp:featuredmedia":[{"embeddable":true,"href":"https:\/\/sacramentoqr.com\/index.php?rest_route=\/wp\/v2\/media\/21556"}],"wp:attachment":[{"href":"https:\/\/sacramentoqr.com\/index.php?rest_route=%2Fwp%2Fv2%2Fmedia&parent=21554"}],"wp:term":[{"taxonomy":"category","embeddable":true,"href":"https:\/\/sacramentoqr.com\/index.php?rest_route=%2Fwp%2Fv2%2Fcategories&post=21554"},{"taxonomy":"post_tag","embeddable":true,"href":"https:\/\/sacramentoqr.com\/index.php?rest_route=%2Fwp%2Fv2%2Ftags&post=21554"}],"curies":[{"name":"wp","href":"https:\/\/api.w.org\/{rel}","templated":true}]}}