{"id":21584,"date":"2024-02-20T12:24:30","date_gmt":"2024-02-20T17:24:30","guid":{"rendered":"https:\/\/sacramentoqr.com\/?p=21584"},"modified":"2024-02-20T17:24:32","modified_gmt":"2024-02-20T17:24:32","slug":"mas-de-la-mitad-de-los-paises-sufriran-alto-riesgo-de-brotes-de-sarampion-este-ano-advierte-la-oms","status":"publish","type":"post","link":"https:\/\/sacramentoqr.com\/?p=21584","title":{"rendered":"M\u00e1s de la mitad de los pa\u00edses sufrir\u00e1n alto riesgo de brotes de sarampi\u00f3n este a\u00f1o, advierte la OMS"},"content":{"rendered":"<p>El aumento generalizado de los casos de sarampi\u00f3n a nivel mundial har\u00e1 que m\u00e1s de la mitad de todos los pa\u00edses del mundo corran riesgo \u201calto o m\u00e1ximo\u201d por brotes de esta enfermedad para finales de 2024, advirti\u00f3 este martes la Organizaci\u00f3n Mundial de la Salud (OMS).<\/p>\n<p>Los \u00faltimos datos globales sobre los casos notificados a la OMS (a febrero de 2024) indican que hubo 306 mil 291 en 2023 frente a 171 mil 156 casos en 2022, lo que supuso un aumento del 79%.<\/p>\n<p>El n\u00famero de pa\u00edses con brotes de alto riesgo, es decir, con una incidencia superior a 20 casos por cada mill\u00f3n de habitantes, aument\u00f3 de 32 en 2022 a 51 el a\u00f1o pasado, precis\u00f3 en una rueda de prensa la experta en sarampi\u00f3n y rubeola de la OMS, Natasha Crowcroft.<\/p>\n<p>Dado que en muchos casos los contagios y fallecimientos no se notifican o no se asocian con esta enfermedad, la organizaci\u00f3n sanitaria estima que, en realidad, hubo 9,2 millones de contagios y unas 136.216 muertes en 2022, lo que representa un aumento de los decesos del 43 % en comparaci\u00f3n con 2021.<\/p>\n<p>Adem\u00e1s, la experta advirti\u00f3 de una \u201cgran desigualdad\u201d en la distribuci\u00f3n de estos casos y muertes, ya que se prev\u00e9 que casi la mitad (48 %) de las naciones que entrar\u00e1n en nivel de riesgo alto o m\u00e1ximo este a\u00f1o ser\u00e1n pa\u00edses de renta media o baja.<\/p>\n<p>Para hacer frente a esta situaci\u00f3n, la experta inst\u00f3 a tomar medidas urgentes para garantizar que todos los ni\u00f1os est\u00e9n protegidos ya que, asegur\u00f3, la prevenci\u00f3n del sarampi\u00f3n y la rubeola ha \u201cca\u00eddo\u201d de las prioridades gubernamentales a causa de crisis mundiales como la covid-19 o los recientes conflictos armados.<\/p>\n<p>Adem\u00e1s, insisti\u00f3 en que los pa\u00edses de renta baja deben dar prioridad a la prevenci\u00f3n del sarampi\u00f3n en sus planes para completar la vacunaci\u00f3n de los ni\u00f1os que ya han recibido la primera dosis de inmunizaci\u00f3n y en los que el sarampi\u00f3n puede reaparecer r\u00e1pidamente si no se toman medidas, con un efecto \u201cdevastador en las comunidades vulnerables\u201d.<\/p>\n","protected":false},"excerpt":{"rendered":"<p>El aumento generalizado de los casos de sarampi\u00f3n a nivel mundial har\u00e1 que m\u00e1s de&#8230;<\/p>\n","protected":false},"author":1,"featured_media":21586,"comment_status":"open","ping_status":"closed","sticky":false,"template":"","format":"standard","meta":{"footnotes":""},"categories":[5],"tags":[],"class_list":["post-21584","post","type-post","status-publish","format-standard","has-post-thumbnail","hentry","category-internacional"],"_links":{"self":[{"href":"https:\/\/sacramentoqr.com\/index.php?rest_route=\/wp\/v2\/posts\/21584","targetHints":{"allow":["GET"]}}],"collection":[{"href":"https:\/\/sacramentoqr.com\/index.php?rest_route=\/wp\/v2\/posts"}],"about":[{"href":"https:\/\/sacramentoqr.com\/index.php?rest_route=\/wp\/v2\/types\/post"}],"author":[{"embeddable":true,"href":"https:\/\/sacramentoqr.com\/index.php?rest_route=\/wp\/v2\/users\/1"}],"replies":[{"embeddable":true,"href":"https:\/\/sacramentoqr.com\/index.php?rest_route=%2Fwp%2Fv2%2Fcomments&post=21584"}],"version-history":[{"count":1,"href":"https:\/\/sacramentoqr.com\/index.php?rest_route=\/wp\/v2\/posts\/21584\/revisions"}],"predecessor-version":[{"id":21585,"href":"https:\/\/sacramentoqr.com\/index.php?rest_route=\/wp\/v2\/posts\/21584\/revisions\/21585"}],"wp:featuredmedia":[{"embeddable":true,"href":"https:\/\/sacramentoqr.com\/index.php?rest_route=\/wp\/v2\/media\/21586"}],"wp:attachment":[{"href":"https:\/\/sacramentoqr.com\/index.php?rest_route=%2Fwp%2Fv2%2Fmedia&parent=21584"}],"wp:term":[{"taxonomy":"category","embeddable":true,"href":"https:\/\/sacramentoqr.com\/index.php?rest_route=%2Fwp%2Fv2%2Fcategories&post=21584"},{"taxonomy":"post_tag","embeddable":true,"href":"https:\/\/sacramentoqr.com\/index.php?rest_route=%2Fwp%2Fv2%2Ftags&post=21584"}],"curies":[{"name":"wp","href":"https:\/\/api.w.org\/{rel}","templated":true}]}}