{"id":21590,"date":"2024-02-21T09:51:48","date_gmt":"2024-02-21T14:51:48","guid":{"rendered":"https:\/\/sacramentoqr.com\/?p=21590"},"modified":"2024-02-21T14:51:50","modified_gmt":"2024-02-21T14:51:50","slug":"dani-alves-citado-por-audiencia-para-recibir-condena-por-agresion-sexual","status":"publish","type":"post","link":"https:\/\/sacramentoqr.com\/?p=21590","title":{"rendered":"Dani Alves, citado por audiencia para recibir condena por agresi\u00f3n sexual"},"content":{"rendered":"<p>Dani Alves ha sido citado por la Audiencia de Barcelona para que se le comunique la sentencia del juicio por agresi\u00f3n sexual en el que ha estado involucrado desde hace m\u00e1s de un a\u00f1o.<\/p>\n<p>Seg\u00fan informaciones provenientes de fuentes judiciales, la secci\u00f3n 21\u00aa de la Audiencia de Barcelona ha fijado este encuentro para ma\u00f1ana jueves. El brasile\u00f1o, quien actualmente se encuentra recluido en la c\u00e1rcel de Brians, ser\u00e1 conducido ante el tribunal en un furg\u00f3n policial para conocer su destino legal.<\/p>\n<p>Acompa\u00f1ando al exfutbolista, estar\u00e1n presentes los representantes legales tanto de la defensa como de la acusaci\u00f3n particular, que representa los intereses de la v\u00edctima en este caso.<\/p>\n<p>La solicitud de libertad provisional presentada por la abogada de Alves, In\u00e9s Guardiola, ser\u00e1 tambi\u00e9n resuelta en esta audiencia, tras el cierre del juicio que tuvo lugar entre el 5 y el 7 de febrero pasados.<\/p>\n<p>El caso en cuesti\u00f3n se remonta a la noche del 30 de diciembre de 2022, cuando Dani Alves fue acusado de agredir sexualmente a una joven de 23 a\u00f1os en el ba\u00f1o de una discoteca en Barcelona.<\/p>\n<p>Tanto la Fiscal\u00eda como la acusaci\u00f3n particular, liderada por la letrada Ester Garc\u00eda, han presentado sus argumentos ante el tribunal. La Fiscal\u00eda solicita una pena de nueve a\u00f1os de prisi\u00f3n, mientras que la acusaci\u00f3n particular busca una condena m\u00e1s severa, solicitando doce a\u00f1os de c\u00e1rcel y una indemnizaci\u00f3n de 150 mil euros, igual a la demanda de la Fiscal\u00eda.<\/p>\n","protected":false},"excerpt":{"rendered":"<p>Dani Alves ha sido citado por la Audiencia de Barcelona para que se le comunique&#8230;<\/p>\n","protected":false},"author":1,"featured_media":21592,"comment_status":"open","ping_status":"closed","sticky":false,"template":"","format":"standard","meta":{"footnotes":""},"categories":[3],"tags":[],"class_list":["post-21590","post","type-post","status-publish","format-standard","has-post-thumbnail","hentry","category-deportes"],"_links":{"self":[{"href":"https:\/\/sacramentoqr.com\/index.php?rest_route=\/wp\/v2\/posts\/21590","targetHints":{"allow":["GET"]}}],"collection":[{"href":"https:\/\/sacramentoqr.com\/index.php?rest_route=\/wp\/v2\/posts"}],"about":[{"href":"https:\/\/sacramentoqr.com\/index.php?rest_route=\/wp\/v2\/types\/post"}],"author":[{"embeddable":true,"href":"https:\/\/sacramentoqr.com\/index.php?rest_route=\/wp\/v2\/users\/1"}],"replies":[{"embeddable":true,"href":"https:\/\/sacramentoqr.com\/index.php?rest_route=%2Fwp%2Fv2%2Fcomments&post=21590"}],"version-history":[{"count":1,"href":"https:\/\/sacramentoqr.com\/index.php?rest_route=\/wp\/v2\/posts\/21590\/revisions"}],"predecessor-version":[{"id":21591,"href":"https:\/\/sacramentoqr.com\/index.php?rest_route=\/wp\/v2\/posts\/21590\/revisions\/21591"}],"wp:featuredmedia":[{"embeddable":true,"href":"https:\/\/sacramentoqr.com\/index.php?rest_route=\/wp\/v2\/media\/21592"}],"wp:attachment":[{"href":"https:\/\/sacramentoqr.com\/index.php?rest_route=%2Fwp%2Fv2%2Fmedia&parent=21590"}],"wp:term":[{"taxonomy":"category","embeddable":true,"href":"https:\/\/sacramentoqr.com\/index.php?rest_route=%2Fwp%2Fv2%2Fcategories&post=21590"},{"taxonomy":"post_tag","embeddable":true,"href":"https:\/\/sacramentoqr.com\/index.php?rest_route=%2Fwp%2Fv2%2Ftags&post=21590"}],"curies":[{"name":"wp","href":"https:\/\/api.w.org\/{rel}","templated":true}]}}