{"id":21596,"date":"2024-02-21T11:42:49","date_gmt":"2024-02-21T16:42:49","guid":{"rendered":"https:\/\/sacramentoqr.com\/?p=21596"},"modified":"2024-02-21T16:42:50","modified_gmt":"2024-02-21T16:42:50","slug":"noomi-rapace-vuelve-al-foco-de-atencion-protagoniza-constellation","status":"publish","type":"post","link":"https:\/\/sacramentoqr.com\/?p=21596","title":{"rendered":"Noomi Rapace vuelve al foco de atenci\u00f3n; protagoniza \u2018Constellation\u2019"},"content":{"rendered":"<p>Si bien Noomi Rapace comenz\u00f3 su carrera en 1997, la fama internacional lleg\u00f3 cuando dio vida a Lisbeth Salander y protagoniz\u00f3 las adaptaciones f\u00edlmicas de la saga La chica del drag\u00f3n tatuado, novela autor\u00eda del finado escritor sueco Stieg Larsson.<\/p>\n<p>Su nombre acapar\u00f3 la atenci\u00f3n de la industria hollywoodense y directores como Ridley Scott o Guy Ritchie vieron su potencial frente a las c\u00e1maras.<\/p>\n<p>Hoy, a sus 44 a\u00f1os, vuelve al foco de atenci\u00f3n al ser la protagonista de la serie de suspenso, intriga y ciencia ficci\u00f3n Constelaci\u00f3n, de Apple TV+.<\/p>\n<p>Desde Lisbeth Salander hasta hoy he descubierto muchas cosas sobre m\u00ed, como el hecho de que s\u00e9 cada vez menos. Pens\u00e9 que ya hab\u00eda descubierto todo y me he dado cuenta de que mientras m\u00e1s vivo, m\u00e1s trabajo, entonces, percibo que a\u00fan me falta mucho por aprender y hacer.<\/p>\n<p>Asumo esa idea y acepto proyectos y personajes con la apertura de permitirme errores, abrazar mis imperfecciones y las de otros\u201d, coment\u00f3 la sueca Noomi durante un encuentro virtual.<\/p>\n<p>La tambi\u00e9n actriz de Alien: Covenant, Sherlock Holmes: Juego de sombras y Cordero regresa a la pantalla con Constelaci\u00f3n, serie creada por Peter Harness, donde da vida a Jo Ericsson, una astronauta sueca que, tras un colapso en el espacio mientras lidera una misi\u00f3n espacial, regresa a la Tierra con algunas visiones y trastornos que le hacen sentir que todo lo que le rodea, incluso su esposo e hija, es completamente ajeno a ella.<\/p>\n<p>A lo largo de ocho episodios, el espectador acompa\u00f1a a Rapace y otros actores, como Jonathan Banks, James D\u2019Arcy, William Catlett y las hermanas gemelas Rosie y Davina Coleman, en una historia que plantea la posibilidad de realidades alternas, en las que el espacio y el tiempo, tal como los conocemos, se ponen en tela de juicio.<\/p>\n<p>Mi agente dej\u00f3 el guion en mi escritorio y yo estaba de hecho trabajando en otro proyecto y no quer\u00eda desconcentrarme de aquel, sin embargo, lo comenc\u00e9 a leer para tratar de encontrarle sentido y dos horas despu\u00e9s ya lo hab\u00eda terminado. Me atrap\u00f3 por completo y le llam\u00e9 a mi equipo para decirle: \u2018\u00a1Lo amo!, \u00bfQui\u00e9n escribi\u00f3 esto?, \u00bfQui\u00e9n es Peter Harness? \u00a1Quiero hablar con \u00e9l!\u2019.<\/p>\n<p>Despu\u00e9s supe que Michelle MacLaren (directora de Breaking Bad, Game of Thrones y The Morning Show) iba a dirigir. He visto su trabajo y soy su gran fan. Le llam\u00e9 para hacerle saber mi deseo de entrar a la serie y no hubo vuelta atr\u00e1s, siento que estaba hecho para m\u00ed y curiosamente hubo algunas cosas que me convencieron m\u00e1s: como que Peter Harness viv\u00eda en Suecia y sus hijos iban a la misma escuela a la que yo fui. Fue ah\u00ed en donde dije: Esto es muy extra\u00f1o y yo tengo que estar ah\u00ed, as\u00ed tiene que ser\u201d, comparti\u00f3 a Exc\u00e9lsior Rapace.<\/p>\n<p>UNO MALO, EL OTRO PEOR<br \/>\nOtra de las piezas claves dentro de la trama de Constelaci\u00f3n recae en el actor estadunidense Jonathan Banks, famoso por interpretar a Mike Ehrmantraut tanto en Breaking Bad como en Better Call Saul.<\/p>\n<p>El actor que el d\u00eda de la promoci\u00f3n estaba festejando su cumplea\u00f1os 77, es el encargado de interpretar a dos gemelos completamente opuestos: Henry y Bud Caldera, quienes son un par de astronautas involucrados en un \u00e1mbito de agendas ocultas e intereses pol\u00edticos turbios.<\/p>\n<p>Uno es malo y el otro es peor, sin embargo, ambos responden a la condici\u00f3n humana y est\u00e1n obsesionados con obtener algo. A esa condici\u00f3n se suman factores como los celos, que ambos se profesan, el enojo y el sentimiento de competencia para demostrarse qui\u00e9n es el m\u00e1s brillante, talentoso y que est\u00e1 m\u00e1s all\u00e1 de los l\u00edmites de la sociedad. Simplemente am\u00e9 eso, fue un gran desaf\u00edo\u201d, extern\u00f3 Banks.<\/p>\n<p>Si bien su carrera de cinco d\u00e9cadas en activo ha sido constante y se le ha visto en filmes como<br \/>\nGremlins, Flipper y Two and a Half Men, su gran oportunidad la tuvo cuando tuvo que ser el esbirro de Gustavo Fring (Gianrcalo Esposito) en el aclamado drama de Vince Gilligan, Breaking Bad.<\/p>\n<p>La respuesta m\u00e1s inteligente que puedo dar es que me importa un carajo c\u00f3mo me ve la gente en la industria, pero \u00bfc\u00f3mo me veo? Quiero salir y hacer mi trabajo, soy suficientemente afortunado. Mi vida ha estado llena de experiencias maravillosas. He hecho esto desde hace mucho tiempo y cr\u00e9eme, ha habido momentos en que no todo ha sido maravilloso y tampoco han sido tan buenos\u201d, se sincer\u00f3 Banks con Exc\u00e9lsior.<\/p>\n<p>Rapace, madre de un peque\u00f1o, se asesor\u00f3 y charl\u00f3 con algunos astronautas, entre ellos Scott Kelly, para que le ayudaran a comprender lo que se vive en el espacio, las emociones que se experimentan al ver la inmensidad del planeta azul.<\/p>\n<p>Asimismo habl\u00f3 con ellos sobre la gravedad cero, misma que tuvieron que recrear frente a la c\u00e1mara de la mano del dise\u00f1ador de producci\u00f3n Andy Nicholson, quien tra\u00eda la experiencia de trabajar junto al ganador del Oscar, Alfonso Cuar\u00f3n, en Gravedad.<\/p>\n<p>Comenzamos los ensayos de aprender a desplazarnos colgados con cables dos meses antes de filmar. Usamos trajes de mocap (Motion Capture, que capturan el movimiento) que nos ayudaron a trabajar con dimensiones y espacios en los que me ten\u00eda que mover para simular esa gravedad cero.<\/p>\n<p>Mi primer ensayo en los cables fue un desastre, no pod\u00eda flotar y me ca\u00eda como una piedra en el agua, no ten\u00eda nada de control. Me sent\u00eda hambrienta de poder controlarlo y poco a poco mi cuerpo fue adquiriendo habilidad, se comenz\u00f3 a estirar y era como danzar en el aire, trabaj\u00e9 muy duro y se combin\u00f3 con un gran equipo que me ayud\u00f3 a que pareciera que estaba flotando en un set que me vol\u00f3 la cabeza\u201d, relat\u00f3 la actriz.<\/p>\n<p>Aunque Constelaci\u00f3n aborda temas muy en boga como el de las realidades paralelas o los multiversos, para su creador y showrunner, Peter Harness, la idea de esta miniserie, inspirada en las afectaciones sobre la realidad que viven los astronautas, se centra m\u00e1s en las complejidades paternales.<\/p>\n<p>Es m\u00e1s sobre la experiencia de ser padre y ser un ni\u00f1o. Hablando de un nivel emocional, la serie habla de la complejidad de ser padre, la alegr\u00eda de serlo, pero tambi\u00e9n de c\u00f3mo se apartan padres e hijos, nuestras imperfecciones y equivocaciones. As\u00ed que m\u00e1s all\u00e1 del horror del espacio, lo que me interesaba era mostrar c\u00f3mo los hijos crecen y c\u00f3mo se alejan del nido\u201d, acot\u00f3 Harness.<\/p>\n<p>Los primeros tres episodios de Constelaci\u00f3n ya est\u00e1n disponible en la plataforma que tambi\u00e9n alberga Masters of the Air, Slow Horses, Fundaci\u00f3n y The Morning Show, por mencionar algunas de las m\u00e1s populares en la plataforma Apple TV+.<\/p>\n<p>&nbsp;<\/p>\n<p>CON\u00d3CELA<\/p>\n<p>Noomi Rapace.<br \/>\nNaci\u00f3 el 28 de diciembre de 1979.<br \/>\nNacida en Suecia<br \/>\nEs hija de la actriz sueca Nina Nor\u00e9n y del cantante de flamenco Rogelio de Badajoz.<br \/>\nEn la infancia vivi\u00f3 con su madre en Islandia y ah\u00ed comenz\u00f3 su amor por la actuaci\u00f3n.<br \/>\nA los 15 a\u00f1os se mud\u00f3 a Suecia y se uni\u00f3 a la Escuela de Teatro de Estocolmo.<br \/>\nEn 1994 se le vio como actriz recurrente de la serie sueca Tre Kronor.<br \/>\nHace 15 a\u00f1os alcanz\u00f3 el estrellato al interpretar a Lisbeth Salander en la adaptaci\u00f3n f\u00edlmica de las novelas escritas por el novelista Stieg Larsson.<br \/>\nSu debut en el cine de habla inglesa se dio de la mano de Guy Ritchie en Sherlock Holmes: Juego de sombras de 2011.<br \/>\nEs madre de Lev, de 21 a\u00f1os.<\/p>\n<p>DE LA SERIE<\/p>\n<p>Ya disponible en Apple TV+<br \/>\nOcho cap\u00edtulos.<br \/>\nSerie creada por Peter Harness.<br \/>\nAct\u00faan: Noomi Rapace, Jonathan Banks, James D\u2019Arcy, William Catlett y las hermanas gemelas Rosie y Davina Coleman.<br \/>\nG\u00e9nero: Suspenso y Ciencia Ficci\u00f3n.<br \/>\nPa\u00eds: Estados Unidos, Reino Unido y Francia.<br \/>\nHa sido bautizada como Alicia en el maravilloso espacio por la trama tan compleja, seg\u00fan una cr\u00edtica de The New York Times.<\/p>\n","protected":false},"excerpt":{"rendered":"<p>Si bien Noomi Rapace comenz\u00f3 su carrera en 1997, la fama internacional lleg\u00f3 cuando dio&#8230;<\/p>\n","protected":false},"author":1,"featured_media":21598,"comment_status":"open","ping_status":"closed","sticky":false,"template":"","format":"standard","meta":{"footnotes":""},"categories":[4],"tags":[],"class_list":["post-21596","post","type-post","status-publish","format-standard","has-post-thumbnail","hentry","category-espectaculos"],"_links":{"self":[{"href":"https:\/\/sacramentoqr.com\/index.php?rest_route=\/wp\/v2\/posts\/21596","targetHints":{"allow":["GET"]}}],"collection":[{"href":"https:\/\/sacramentoqr.com\/index.php?rest_route=\/wp\/v2\/posts"}],"about":[{"href":"https:\/\/sacramentoqr.com\/index.php?rest_route=\/wp\/v2\/types\/post"}],"author":[{"embeddable":true,"href":"https:\/\/sacramentoqr.com\/index.php?rest_route=\/wp\/v2\/users\/1"}],"replies":[{"embeddable":true,"href":"https:\/\/sacramentoqr.com\/index.php?rest_route=%2Fwp%2Fv2%2Fcomments&post=21596"}],"version-history":[{"count":1,"href":"https:\/\/sacramentoqr.com\/index.php?rest_route=\/wp\/v2\/posts\/21596\/revisions"}],"predecessor-version":[{"id":21597,"href":"https:\/\/sacramentoqr.com\/index.php?rest_route=\/wp\/v2\/posts\/21596\/revisions\/21597"}],"wp:featuredmedia":[{"embeddable":true,"href":"https:\/\/sacramentoqr.com\/index.php?rest_route=\/wp\/v2\/media\/21598"}],"wp:attachment":[{"href":"https:\/\/sacramentoqr.com\/index.php?rest_route=%2Fwp%2Fv2%2Fmedia&parent=21596"}],"wp:term":[{"taxonomy":"category","embeddable":true,"href":"https:\/\/sacramentoqr.com\/index.php?rest_route=%2Fwp%2Fv2%2Fcategories&post=21596"},{"taxonomy":"post_tag","embeddable":true,"href":"https:\/\/sacramentoqr.com\/index.php?rest_route=%2Fwp%2Fv2%2Ftags&post=21596"}],"curies":[{"name":"wp","href":"https:\/\/api.w.org\/{rel}","templated":true}]}}