{"id":21608,"date":"2024-02-22T10:05:48","date_gmt":"2024-02-22T15:05:48","guid":{"rendered":"https:\/\/sacramentoqr.com\/?p=21608"},"modified":"2024-02-22T15:05:49","modified_gmt":"2024-02-22T15:05:49","slug":"semar-apoya-a-ballenas-varadas-en-playa-de-celestun-yucatan","status":"publish","type":"post","link":"https:\/\/sacramentoqr.com\/?p=21608","title":{"rendered":"Semar apoya a ballenas varadas en playa de Celest\u00fan, Yucat\u00e1n"},"content":{"rendered":"<p>Personal de la Estaci\u00f3n de Investigaci\u00f3n Oceanogr\u00e1fica de Yucalpet\u00e9n, perteneciente a la D\u00e9cima Tercera Zona Naval de la Secretar\u00eda de Marina-Armada de M\u00e9xico (Semar), brind\u00f3 apoyo a especies de ballena piloto (Globicephala), varadas en las inmediaciones de la playa de Celest\u00fan, Yucat\u00e1n.<\/p>\n<p>Tras recibir una llamada de emergencia a este Mando Naval, de los habitantes de la localidad de \u201cLa Herradura\u201d, en Celest\u00fan, quienes reportaron la presencia de 21 especies de ballena piloto en la playa.<\/p>\n<p>Por lo anterior y con el objetivo de proteger la fauna marina, se orden\u00f3 el despliegue inmediato de personal naval para iniciar las labores de rescate, con el fin de que mencionados mam\u00edferos, regresaran sanos y salvos al mar.<\/p>\n<p>La varadura de las ballenas pudo deberse debido a los eventos de norte intenso que se han tenido en la pen\u00ednsula de Yucat\u00e1n, los cuales generaron vientos y oleaje elevado, provocando este evento. Asimismo, es de resaltar, que la reacci\u00f3n oportuna del personal naval en coadyuvancia con los pobladores, permiti\u00f3 que todos los ejemplares fueran rescatados.<\/p>\n","protected":false},"excerpt":{"rendered":"<p>Personal de la Estaci\u00f3n de Investigaci\u00f3n Oceanogr\u00e1fica de Yucalpet\u00e9n, perteneciente a la D\u00e9cima Tercera Zona&#8230;<\/p>\n","protected":false},"author":1,"featured_media":21610,"comment_status":"open","ping_status":"closed","sticky":false,"template":"","format":"standard","meta":{"footnotes":""},"categories":[7],"tags":[],"class_list":["post-21608","post","type-post","status-publish","format-standard","has-post-thumbnail","hentry","category-nacional"],"_links":{"self":[{"href":"https:\/\/sacramentoqr.com\/index.php?rest_route=\/wp\/v2\/posts\/21608","targetHints":{"allow":["GET"]}}],"collection":[{"href":"https:\/\/sacramentoqr.com\/index.php?rest_route=\/wp\/v2\/posts"}],"about":[{"href":"https:\/\/sacramentoqr.com\/index.php?rest_route=\/wp\/v2\/types\/post"}],"author":[{"embeddable":true,"href":"https:\/\/sacramentoqr.com\/index.php?rest_route=\/wp\/v2\/users\/1"}],"replies":[{"embeddable":true,"href":"https:\/\/sacramentoqr.com\/index.php?rest_route=%2Fwp%2Fv2%2Fcomments&post=21608"}],"version-history":[{"count":1,"href":"https:\/\/sacramentoqr.com\/index.php?rest_route=\/wp\/v2\/posts\/21608\/revisions"}],"predecessor-version":[{"id":21609,"href":"https:\/\/sacramentoqr.com\/index.php?rest_route=\/wp\/v2\/posts\/21608\/revisions\/21609"}],"wp:featuredmedia":[{"embeddable":true,"href":"https:\/\/sacramentoqr.com\/index.php?rest_route=\/wp\/v2\/media\/21610"}],"wp:attachment":[{"href":"https:\/\/sacramentoqr.com\/index.php?rest_route=%2Fwp%2Fv2%2Fmedia&parent=21608"}],"wp:term":[{"taxonomy":"category","embeddable":true,"href":"https:\/\/sacramentoqr.com\/index.php?rest_route=%2Fwp%2Fv2%2Fcategories&post=21608"},{"taxonomy":"post_tag","embeddable":true,"href":"https:\/\/sacramentoqr.com\/index.php?rest_route=%2Fwp%2Fv2%2Ftags&post=21608"}],"curies":[{"name":"wp","href":"https:\/\/api.w.org\/{rel}","templated":true}]}}