{"id":21614,"date":"2024-02-22T11:35:11","date_gmt":"2024-02-22T16:35:11","guid":{"rendered":"https:\/\/sacramentoqr.com\/?p=21614"},"modified":"2024-02-22T16:35:12","modified_gmt":"2024-02-22T16:35:12","slug":"amlo-expresa-su-respeto-a-lula-pero-rechaza-opinar-sobre-su-polemica-con-israel","status":"publish","type":"post","link":"https:\/\/sacramentoqr.com\/?p=21614","title":{"rendered":"AMLO expresa su \u201crespeto\u201d a Lula pero rechaza opinar sobre su pol\u00e9mica con Israel"},"content":{"rendered":"<p>El presidente mexicano, Andr\u00e9s Manuel L\u00f3pez Obrador, expres\u00f3 este jueves su \u201crespeto\u201d a su h\u00f3mologo de Brasil, Luiz In\u00e1cio Lula da Silva, pero rechaz\u00f3 opinar sobre su pol\u00e9mica con el Gobierno de Israel, que lo declar\u00f3 \u201cpersona \u2018non grata\u2018\u201d por comparar los ataques en Gaza con el Holocausto.<\/p>\n<p>No quiero yo participar en este debate, nada m\u00e1s decir que nosotros respetamos mucho al presidente Lula, que es un gran dirigente, pero no queremos meternos en pol\u00e9micas, ya con estas (las de M\u00e9xico) tenemos\u201d, expres\u00f3 cuestionado por el tema en su conferencia matutina.<\/p>\n<p>La postura del mandatario mexicano contrasta con la de otros l\u00edderes de la izquierda latinoamericana, como la del presidente de Colombia, Gustavo Petro, y el de Bolivia, Luis Arce, quienes se solidarizaron con Lula en su acusaci\u00f3n de genocidio contra Israel.<\/p>\n<p>La pol\u00e9mica creci\u00f3 esta semana porque el Gobierno israel\u00ed arremeti\u00f3 contra Lula despu\u00e9s de que el brasile\u00f1o declar\u00f3 el domingo pasado que \u201clo que est\u00e1 sucediendo en la Franja de Gaza con el pueblo palestino no ocurri\u00f3 en ning\u00fan momento hist\u00f3rico, excepto cuando Hitler decidi\u00f3 matar a los jud\u00edos\u201d.<\/p>\n<p>Pese a las presiones que ha recibido de grupos de izquierdas, que piden a M\u00e9xico una postura m\u00e1s contundente contra Israel, L\u00f3pez Obrador insisti\u00f3 en que mantendr\u00e1 una posici\u00f3n de \u201cneutralidad\u201d.<\/p>\n<p>\u201cYo respeto mucho al presidente Lula, nosotros tenemos una pol\u00edtica en este tema de neutralidad. No queremos, desde luego, la guerra, queremos que se busque una soluci\u00f3n negociada al conflicto, pero no condenamos ni a unos ni a otros\u201d, remarc\u00f3 ahora.<\/p>\n<p>El presidente record\u00f3 que hay ahora en Brasil una reuni\u00f3n de cancilleres del G20 en la que participa la mexicana Alicia B\u00e1rcena.<\/p>\n<p>\u201cAlicia est\u00e1 en Brasil y ella es muy experimentada, le tenemos toda la confianza, lo que ella exprese nosotros lo respaldamos\u201d, apunt\u00f3.<\/p>\n<p>Israel declar\u00f3 la guerra al grupo islamista Ham\u00e1s despu\u00e9s del ataque de su brazo armado en suelo israel\u00ed que dej\u00f3 unos mil 200 muertos y 250 secuestrados, de los que 130 permanecen retenidos en Gaza, pero m\u00e1s de 29 mil gazat\u00edes han muerto en casi 140 d\u00edas de guerra.<\/p>\n","protected":false},"excerpt":{"rendered":"<p>El presidente mexicano, Andr\u00e9s Manuel L\u00f3pez Obrador, expres\u00f3 este jueves su \u201crespeto\u201d a su h\u00f3mologo&#8230;<\/p>\n","protected":false},"author":1,"featured_media":21616,"comment_status":"open","ping_status":"closed","sticky":false,"template":"","format":"standard","meta":{"footnotes":""},"categories":[5],"tags":[],"class_list":["post-21614","post","type-post","status-publish","format-standard","has-post-thumbnail","hentry","category-internacional"],"_links":{"self":[{"href":"https:\/\/sacramentoqr.com\/index.php?rest_route=\/wp\/v2\/posts\/21614","targetHints":{"allow":["GET"]}}],"collection":[{"href":"https:\/\/sacramentoqr.com\/index.php?rest_route=\/wp\/v2\/posts"}],"about":[{"href":"https:\/\/sacramentoqr.com\/index.php?rest_route=\/wp\/v2\/types\/post"}],"author":[{"embeddable":true,"href":"https:\/\/sacramentoqr.com\/index.php?rest_route=\/wp\/v2\/users\/1"}],"replies":[{"embeddable":true,"href":"https:\/\/sacramentoqr.com\/index.php?rest_route=%2Fwp%2Fv2%2Fcomments&post=21614"}],"version-history":[{"count":1,"href":"https:\/\/sacramentoqr.com\/index.php?rest_route=\/wp\/v2\/posts\/21614\/revisions"}],"predecessor-version":[{"id":21615,"href":"https:\/\/sacramentoqr.com\/index.php?rest_route=\/wp\/v2\/posts\/21614\/revisions\/21615"}],"wp:featuredmedia":[{"embeddable":true,"href":"https:\/\/sacramentoqr.com\/index.php?rest_route=\/wp\/v2\/media\/21616"}],"wp:attachment":[{"href":"https:\/\/sacramentoqr.com\/index.php?rest_route=%2Fwp%2Fv2%2Fmedia&parent=21614"}],"wp:term":[{"taxonomy":"category","embeddable":true,"href":"https:\/\/sacramentoqr.com\/index.php?rest_route=%2Fwp%2Fv2%2Fcategories&post=21614"},{"taxonomy":"post_tag","embeddable":true,"href":"https:\/\/sacramentoqr.com\/index.php?rest_route=%2Fwp%2Fv2%2Ftags&post=21614"}],"curies":[{"name":"wp","href":"https:\/\/api.w.org\/{rel}","templated":true}]}}