{"id":21620,"date":"2024-02-23T14:56:12","date_gmt":"2024-02-23T19:56:12","guid":{"rendered":"https:\/\/sacramentoqr.com\/?p=21620"},"modified":"2024-02-23T19:56:13","modified_gmt":"2024-02-23T19:56:13","slug":"sorprende-baja-de-la-inflacion-jitomates-frenan-cuesta-de-precios","status":"publish","type":"post","link":"https:\/\/sacramentoqr.com\/?p=21620","title":{"rendered":"Sorprende baja de la inflaci\u00f3n; jitomates frenan cuesta de precios"},"content":{"rendered":"<p>La inflaci\u00f3n general desaceler\u00f3 en la primera quincena de febrero. De acuerdo con el Instituto Nacional de Estad\u00edstica y Geograf\u00eda (Inegi), el \u00cdndice Nacional de Precios al Consumidor (INPC) disminuy\u00f3 0.10% respecto a la quincena anterior, y con ello, la inflaci\u00f3n general anual se ubic\u00f3 en 4.45 por ciento.<\/p>\n<p>Entre los gen\u00e9ricos que m\u00e1s incidieron en el descenso de la inflaci\u00f3n durante las primeras dos semanas de febrero destaca el jitomate con una diminuci\u00f3n de 35.39%; le sigui\u00f3 el tomate verde con una reducci\u00f3n de 13.10%, en tanto que el pollo se abarat\u00f3 1.37 por ciento.<\/p>\n<p>De acuerdo con el organismo, el \u00edndice de precios subyacente, que determina la trayectoria de la inflaci\u00f3n general en el mediano y largo plazo, se ubic\u00f3 en 4.63 % a tasa anual.<\/p>\n<p>Por su parte, el \u00edndice de precios no subyacente, que incluye los productos cuyo precio es m\u00e1s vol\u00e1til y las tarifas autorizadas del gobierno, tuvo un crecimiento de 3.93% a tasa anual.<\/p>\n<p>Alejandro Padilla, director general adjunto de An\u00e1lisis Econ\u00f3mico y Financiero de Grupo Financiero Banorte, dijo que mantiene cierto escepticismo sobre una fuerte extensi\u00f3n de la baja, ya que se debi\u00f3 a un efecto estacional en el jitomate, que usualmente alcanza sus precios m\u00e1s bajos entre finales de febrero e inicios de marzo.<\/p>\n<p>\u201cEn espec\u00edfico, creemos que condiciones climatol\u00f3gicas m\u00e1s retadoras, especialmente en torno a la sequ\u00eda, y un repunte modesto en los precios de los fertilizantes pesaran de manera importante en el desempe\u00f1o, incluso tras descontar un flujo relevante de importaciones en el sector\u201d, se\u00f1al\u00f3.<\/p>\n<p>Por su parte, Alejandro Salda\u00f1a, economista en jefe de Grupo Financiero Ve por M\u00e1s (Bx+), estim\u00f3 que la inflaci\u00f3n interanual exhiba cierta desa-<br \/>\nceleraci\u00f3n a lo largo del presente a\u00f1o.<\/p>\n<p>Sin embargo, reconoci\u00f3 que el panorama todav\u00eda es incierto y predominan los riesgos al alza.<\/p>\n<p>\u201cTras la diluci\u00f3n de los choques de a\u00f1os pasados, un entorno de moderaci\u00f3n en el crecimiento econ\u00f3mico contribuir\u00eda a que la inflaci\u00f3n ceda un poco m\u00e1s en 2024. No obstante, advertimos que el proceso puede ser cada vez m\u00e1s gradual e, incluso, no lineal\u201d.<\/p>\n<p>Dijo que todav\u00eda se observar\u00e1 cierta renuencia en el rubro de los servicios, dentro del \u00edndice subyacente, principalmente por el traspaso de las presiones salariales acumuladas.<\/p>\n<p>\u201cAdem\u00e1s, las tensiones geopol\u00edticas actuales y los eventos clim\u00e1ticos como la sequ\u00eda pueden presionar algo m\u00e1s los precios de energ\u00e9ticos y alimentos, dentro del \u00edndice no subyacente\u201d.<\/p>\n<p>As\u00ed, anticip\u00f3 que es altamente probable que la inflaci\u00f3n vuelva al rango de tolerancia del Banco de M\u00e9xico (Banxico). que es 3.0% +\/- 1.0%, hasta el primer trimestre de 2025.<\/p>\n<p>Para el cierre de 2024, los analistas de Citibanamex anticipan que la inflaci\u00f3n general se ubicar\u00e1 en 4.3 por ciento.<\/p>\n<p>Record\u00f3 que en el comunicado de su \u00faltimo anuncio de pol\u00edtica monetaria, la Junta de Gobierno del Banco de M\u00e9xico indic\u00f3 en las siguientes reuniones evaluar\u00eda, en funci\u00f3n de la informaci\u00f3n disponible, la posibilidad de ajustar la tasa de referencia.<\/p>\n<p>&nbsp;<\/p>\n<p>Un recorte de tasa no es inminente<\/p>\n<p>La Junta de Gobierno del Banco de M\u00e9xico (Banxico) enfatiz\u00f3 que en sus pr\u00f3ximas decisiones de pol\u00edtica monetaria mantendr\u00e1 la cautela que ha caracterizado el actual ciclo, ya que todav\u00eda hay camino por recorrer para llevar a la inflaci\u00f3n a la meta de 3.0 por ciento.<\/p>\n<p>La minuta de la decisi\u00f3n de pol\u00edtica monetaria del 8 de febrero pasado indica que uno de sus miembros manifest\u00f3 que no se puede descartar que sea necesario mantener el nivel actual de la tasa de referencia por m\u00e1s tiempo ante la din\u00e1mica inflacionaria.<\/p>\n<p>\u201cLa coyuntura econ\u00f3mica es altamente incierta, tanto en el \u00e1mbito externo como interno, por lo que el instituto central no debe comprometerse a realizar cualquier ajuste a la tasa de referencia en un plazo espec\u00edfico\u201d.<\/p>\n<p>Otro miembro resalt\u00f3 que cualquier ajuste eventual a la baja en la tasa de pol\u00edtica no debe interpretarse como el inicio de un ciclo de relajaci\u00f3n monetaria.<\/p>\n<p>Destac\u00f3 que, en su opini\u00f3n, debe comunicarse que las pr\u00f3ximas decisiones de pol\u00edtica monetaria ser\u00e1n completamente dependientes de la evoluci\u00f3n de los datos y de que no se materialicen los riesgos al alza para la inflaci\u00f3n.<\/p>\n<p>Todos consideraron que el balance de riesgos respecto de la trayectoria prevista para la inflaci\u00f3n en el horizonte de pron\u00f3stico se mantiene sesgado al alza.<\/p>\n","protected":false},"excerpt":{"rendered":"<p>La inflaci\u00f3n general desaceler\u00f3 en la primera quincena de febrero. De acuerdo con el Instituto&#8230;<\/p>\n","protected":false},"author":1,"featured_media":21622,"comment_status":"open","ping_status":"closed","sticky":false,"template":"","format":"standard","meta":{"footnotes":""},"categories":[7],"tags":[],"class_list":["post-21620","post","type-post","status-publish","format-standard","has-post-thumbnail","hentry","category-nacional"],"_links":{"self":[{"href":"https:\/\/sacramentoqr.com\/index.php?rest_route=\/wp\/v2\/posts\/21620","targetHints":{"allow":["GET"]}}],"collection":[{"href":"https:\/\/sacramentoqr.com\/index.php?rest_route=\/wp\/v2\/posts"}],"about":[{"href":"https:\/\/sacramentoqr.com\/index.php?rest_route=\/wp\/v2\/types\/post"}],"author":[{"embeddable":true,"href":"https:\/\/sacramentoqr.com\/index.php?rest_route=\/wp\/v2\/users\/1"}],"replies":[{"embeddable":true,"href":"https:\/\/sacramentoqr.com\/index.php?rest_route=%2Fwp%2Fv2%2Fcomments&post=21620"}],"version-history":[{"count":1,"href":"https:\/\/sacramentoqr.com\/index.php?rest_route=\/wp\/v2\/posts\/21620\/revisions"}],"predecessor-version":[{"id":21621,"href":"https:\/\/sacramentoqr.com\/index.php?rest_route=\/wp\/v2\/posts\/21620\/revisions\/21621"}],"wp:featuredmedia":[{"embeddable":true,"href":"https:\/\/sacramentoqr.com\/index.php?rest_route=\/wp\/v2\/media\/21622"}],"wp:attachment":[{"href":"https:\/\/sacramentoqr.com\/index.php?rest_route=%2Fwp%2Fv2%2Fmedia&parent=21620"}],"wp:term":[{"taxonomy":"category","embeddable":true,"href":"https:\/\/sacramentoqr.com\/index.php?rest_route=%2Fwp%2Fv2%2Fcategories&post=21620"},{"taxonomy":"post_tag","embeddable":true,"href":"https:\/\/sacramentoqr.com\/index.php?rest_route=%2Fwp%2Fv2%2Ftags&post=21620"}],"curies":[{"name":"wp","href":"https:\/\/api.w.org\/{rel}","templated":true}]}}