{"id":21632,"date":"2024-02-24T13:22:31","date_gmt":"2024-02-24T18:22:31","guid":{"rendered":"https:\/\/sacramentoqr.com\/?p=21632"},"modified":"2024-02-24T18:22:32","modified_gmt":"2024-02-24T18:22:32","slug":"aeropuerto-de-tijuana-se-dice-listo-para-el-tianguis-turistico-2025","status":"publish","type":"post","link":"https:\/\/sacramentoqr.com\/?p=21632","title":{"rendered":"Aeropuerto de Tijuana se dice listo para el Tianguis Tur\u00edstico 2025"},"content":{"rendered":"<p>El Aeropuerto Internacional de Tijuana se encuentra listo para recibir a los asistentes a la edici\u00f3n 2025 del Tianguis Tur\u00edstico que se realizar\u00e1 en esa ciudad, asegur\u00f3 Omar Miranda, gerente de ingresos y Marketing de Grupo Aeroportuario del Pac\u00edfico (GAP).<\/p>\n<p>Se\u00f1al\u00f3 que adem\u00e1s de la conectividad que tiene esa terminal con 41 destinos de M\u00e9xico, echar\u00e1 mano del Cross Border Xpress (CBX), el puente que conecta a San Diego con el aeropuerto de Tijuana y que facilitar\u00e1 la llegada de compradores internacionales desde Estados Unidos y otras partes del mundo. Adem\u00e1s, se tiene una conexi\u00f3n directa desde Phoenix.<\/p>\n<p>El directivo destac\u00f3 que el Aeropuerto de Tijuana recientemente tuvo una ampliaci\u00f3n con la construcci\u00f3n de un edificio procesador de 40 mil metros cuadrados que permitir\u00e1 atender, principalmente, a vuelos internacionales.<\/p>\n<p>Agreg\u00f3 que, en conjunto con Baja California, el grupo trabaja para lograr reconectar al Aeropuerto de Tijuana con China. \u201cEstamos trabajando para el regreso de alguna aerol\u00ednea asi\u00e1tica\u201d<\/p>\n","protected":false},"excerpt":{"rendered":"<p>El Aeropuerto Internacional de Tijuana se encuentra listo para recibir a los asistentes a la&#8230;<\/p>\n","protected":false},"author":1,"featured_media":21634,"comment_status":"open","ping_status":"closed","sticky":false,"template":"","format":"standard","meta":{"footnotes":""},"categories":[7],"tags":[],"class_list":["post-21632","post","type-post","status-publish","format-standard","has-post-thumbnail","hentry","category-nacional"],"_links":{"self":[{"href":"https:\/\/sacramentoqr.com\/index.php?rest_route=\/wp\/v2\/posts\/21632","targetHints":{"allow":["GET"]}}],"collection":[{"href":"https:\/\/sacramentoqr.com\/index.php?rest_route=\/wp\/v2\/posts"}],"about":[{"href":"https:\/\/sacramentoqr.com\/index.php?rest_route=\/wp\/v2\/types\/post"}],"author":[{"embeddable":true,"href":"https:\/\/sacramentoqr.com\/index.php?rest_route=\/wp\/v2\/users\/1"}],"replies":[{"embeddable":true,"href":"https:\/\/sacramentoqr.com\/index.php?rest_route=%2Fwp%2Fv2%2Fcomments&post=21632"}],"version-history":[{"count":1,"href":"https:\/\/sacramentoqr.com\/index.php?rest_route=\/wp\/v2\/posts\/21632\/revisions"}],"predecessor-version":[{"id":21633,"href":"https:\/\/sacramentoqr.com\/index.php?rest_route=\/wp\/v2\/posts\/21632\/revisions\/21633"}],"wp:featuredmedia":[{"embeddable":true,"href":"https:\/\/sacramentoqr.com\/index.php?rest_route=\/wp\/v2\/media\/21634"}],"wp:attachment":[{"href":"https:\/\/sacramentoqr.com\/index.php?rest_route=%2Fwp%2Fv2%2Fmedia&parent=21632"}],"wp:term":[{"taxonomy":"category","embeddable":true,"href":"https:\/\/sacramentoqr.com\/index.php?rest_route=%2Fwp%2Fv2%2Fcategories&post=21632"},{"taxonomy":"post_tag","embeddable":true,"href":"https:\/\/sacramentoqr.com\/index.php?rest_route=%2Fwp%2Fv2%2Ftags&post=21632"}],"curies":[{"name":"wp","href":"https:\/\/api.w.org\/{rel}","templated":true}]}}