{"id":21650,"date":"2024-02-26T12:18:55","date_gmt":"2024-02-26T17:18:55","guid":{"rendered":"https:\/\/sacramentoqr.com\/?p=21650"},"modified":"2024-02-26T17:18:57","modified_gmt":"2024-02-26T17:18:57","slug":"la-policia-brasilena-investiga-una-tentativa-de-invasion-a-la-residencia-presidencial","status":"publish","type":"post","link":"https:\/\/sacramentoqr.com\/?p=21650","title":{"rendered":"La polic\u00eda brasile\u00f1a investiga una \u00bbtentativa de invasi\u00f3n\u00bb a la residencia presidencial"},"content":{"rendered":"<p>La Polic\u00eda Federal brasile\u00f1a investiga una \u201ctentativa de invasi\u00f3n\u201d a la residencia del presidente Luiz In\u00e1cio Lula da Silva en Brasilia perpetrada por un hombre a bordo de un autom\u00f3vil, inform\u00f3 la fuerza.<\/p>\n<p>Las autoridades identificaron por la tarde a \u201cun hombre sospechoso de la tentativa de invasi\u00f3n al Palacio de la Alvorada\u201d la madrugada del s\u00e1bado, que hab\u00eda huido tras los hechos, seg\u00fan una nota de la polic\u00eda.<\/p>\n<p>El individuo \u201cfue localizado en un condominio en las proximidades de la Alvorada\u201d y presta declaraci\u00f3n en la Superintendencia de la Polic\u00eda Federal en la capital, se indic\u00f3 en el comunicado.<\/p>\n<p>El veh\u00edculo que habr\u00eda sido usado en el \u201cintento de invasi\u00f3n\u201d fue confiscado y es periciado por los investigadores.<\/p>\n<p>Medios locales divulgaron hip\u00f3tesis iniciales que indican que el conductor del veh\u00edculo, residente en las cercan\u00edas del lugar, no ten\u00eda intenciones de invadir la Alvorada, sino que estaba perdido y probablemente embriagado.<\/p>\n<p>La polic\u00eda no hizo referencia a esa teor\u00eda, y la asesor\u00eda de prensa de la Presidencia no respondi\u00f3.<\/p>\n<p>Seg\u00fan el sitio de noticias Metr\u00f3poles, que revel\u00f3 inicialmente la informaci\u00f3n, el mandatario izquierdista se encontraba en el Palacio de la Alvorada cuando ocurrieron los hechos, tras regresar por la noche de un evento en R\u00edo de Janeiro.<\/p>\n<p>Metr\u00f3poles indic\u00f3 que un auto negro traspas\u00f3 el bloqueo de la v\u00eda de acceso a la residencia presidencial y del vicepresidente, en la zona c\u00edvico-administrativa de Brasilia, poco antes de las 05H45 locales.<\/p>\n<p>El conductor desobedeci\u00f3 la orden de detenerse de los guardias y continu\u00f3 la marcha hasta agujerear sus neum\u00e1ticos en un dispositivo de seguridad con perforadores de metal, antes de huir, indic\u00f3 Metr\u00f3poles.<\/p>\n<p>Im\u00e1genes de la Polic\u00eda divulgadas por la prensa local mostraron los neum\u00e1ticos destrozados del veh\u00edculo.<\/p>\n<p>En un intento por detenerlo, \u201cun guardia de seguridad dispar\u00f3 dos veces contra el autom\u00f3vil\u201d, agreg\u00f3.<\/p>\n<p>Las investigaciones siguen en curso, afirm\u00f3 la polic\u00eda.<\/p>\n","protected":false},"excerpt":{"rendered":"<p>La Polic\u00eda Federal brasile\u00f1a investiga una \u201ctentativa de invasi\u00f3n\u201d a la residencia del presidente Luiz&#8230;<\/p>\n","protected":false},"author":1,"featured_media":21652,"comment_status":"open","ping_status":"closed","sticky":false,"template":"","format":"standard","meta":{"footnotes":""},"categories":[5],"tags":[],"class_list":["post-21650","post","type-post","status-publish","format-standard","has-post-thumbnail","hentry","category-internacional"],"_links":{"self":[{"href":"https:\/\/sacramentoqr.com\/index.php?rest_route=\/wp\/v2\/posts\/21650","targetHints":{"allow":["GET"]}}],"collection":[{"href":"https:\/\/sacramentoqr.com\/index.php?rest_route=\/wp\/v2\/posts"}],"about":[{"href":"https:\/\/sacramentoqr.com\/index.php?rest_route=\/wp\/v2\/types\/post"}],"author":[{"embeddable":true,"href":"https:\/\/sacramentoqr.com\/index.php?rest_route=\/wp\/v2\/users\/1"}],"replies":[{"embeddable":true,"href":"https:\/\/sacramentoqr.com\/index.php?rest_route=%2Fwp%2Fv2%2Fcomments&post=21650"}],"version-history":[{"count":1,"href":"https:\/\/sacramentoqr.com\/index.php?rest_route=\/wp\/v2\/posts\/21650\/revisions"}],"predecessor-version":[{"id":21651,"href":"https:\/\/sacramentoqr.com\/index.php?rest_route=\/wp\/v2\/posts\/21650\/revisions\/21651"}],"wp:featuredmedia":[{"embeddable":true,"href":"https:\/\/sacramentoqr.com\/index.php?rest_route=\/wp\/v2\/media\/21652"}],"wp:attachment":[{"href":"https:\/\/sacramentoqr.com\/index.php?rest_route=%2Fwp%2Fv2%2Fmedia&parent=21650"}],"wp:term":[{"taxonomy":"category","embeddable":true,"href":"https:\/\/sacramentoqr.com\/index.php?rest_route=%2Fwp%2Fv2%2Fcategories&post=21650"},{"taxonomy":"post_tag","embeddable":true,"href":"https:\/\/sacramentoqr.com\/index.php?rest_route=%2Fwp%2Fv2%2Ftags&post=21650"}],"curies":[{"name":"wp","href":"https:\/\/api.w.org\/{rel}","templated":true}]}}