{"id":21680,"date":"2024-02-28T11:55:07","date_gmt":"2024-02-28T16:55:07","guid":{"rendered":"https:\/\/sacramentoqr.com\/?p=21680"},"modified":"2024-02-28T16:55:09","modified_gmt":"2024-02-28T16:55:09","slug":"principe-harry-pierde-caso-contra-reduccion-de-su-seguridad-apelara-el-fallo","status":"publish","type":"post","link":"https:\/\/sacramentoqr.com\/?p=21680","title":{"rendered":"Pr\u00edncipe Harry pierde caso contra reducci\u00f3n de su seguridad; apelar\u00e1 el fallo"},"content":{"rendered":"<p>El pr\u00edncipe Harry recurrir\u00e1 el fallo judicial que concluye que el Gobierno brit\u00e1nico actu\u00f3 legalmente al reducirle el nivel de seguridad personal en Reino Unido tras desvincularse de la monarqu\u00eda en 2020.<\/p>\n<p>Un representante legal indic\u00f3 que el hijo menor de Carlos III elevar\u00e1 el caso al Tribunal de Apelaci\u00f3n, para pedir que revoque la decisi\u00f3n tomada por el juez Peter Lane del Tribunal Superior, favorable al Ministerio del Interior.<\/p>\n<p>El portavoz dijo que Harry \u201cno pide un trato preferente sino una aplicaci\u00f3n legal y justa de la propia normativa\u201d del Comit\u00e9 Ejecutivo para la Protecci\u00f3n de la Realeza y las Figuras P\u00fablicas (RAVEC, en ingl\u00e9s), que se ocupa de la seguridad de la familia real y dignatarios extranjeros.<\/p>\n<p>Los abogados del duque de Sussex argumentan que RAVEC incumpli\u00f3 sus propias normas al no efectuar el an\u00e1lisis de riesgo adecuado antes de decidir degradar su nivel de protecci\u00f3n p\u00fablica en territorio brit\u00e1nico.<\/p>\n<p>Lane consider\u00f3 en su dictamen que el enfoque del organismo oficial \u201cno fue irracional ni procesalmente injusto\u201d y apunt\u00f3 que los abogados del pr\u00edncipe hicieron \u201cuna interpretaci\u00f3n formalista e inapropiada\u201d de los procedimientos.<\/p>\n<p>\u201cEl proceso \u2018personalizado\u2019 pensado para el demandante en la decisi\u00f3n del 28 de febrero de 2020 era y es jur\u00eddicamente s\u00f3lido\u201d, afirm\u00f3.<\/p>\n<p>El magistrado constat\u00f3 que Harry \u201ccree que deber\u00eda recibir protecci\u00f3n de seguridad (total) del Estado siempre que est\u00e9 en Reino Unido debido a su posici\u00f3n dentro de la familia real y a factores relacionados con su situaci\u00f3n pasada y presente. Ravec no comparte esta opini\u00f3n\u201d.<\/p>\n<p>Los representantes del Ministerio explicaron durante el proceso en diciembre que el duque seguir\u00e1 teniendo protecci\u00f3n financiada por el Estado cuando venga al pa\u00eds pero que esta no ser\u00e1 autom\u00e1tica sino \u201cdise\u00f1ada expresamente\u201d en funci\u00f3n de cada situaci\u00f3n.<\/p>\n<p>Un portavoz de esta cartera celebr\u00f3 el dictamen de Lane y asegur\u00f3 que \u201cel sistema de protecci\u00f3n de seguridad del Gobierno de Reino Unido es riguroso y proporcionado\u201d.<\/p>\n<p>\u200bEn la audiencia de diciembre, los abogados de Harry sostuvieron que las autoridades no hab\u00edan hecho bien el an\u00e1lisis de riesgo al reducirle la dotaci\u00f3n policial y subrayaron que su deseo es garantizar la seguridad de su familia cuando visiten el pa\u00eds.<\/p>\n<p>En una declaraci\u00f3n escrita, Harry, que actualmente vive en Estados Unidos con su esposa Meghan y sus dos hijos, dijo: \u201cEl Reino Unido es mi hogar, es clave para la herencia de mis hijos y donde quiero que se sientan en casa tanto como en el lugar en el que viven ahora en Estados Unidos\u201d.<\/p>\n<p>En 2023, Harry perdi\u00f3 otra demanda para financiar de su bolsillo protecci\u00f3n p\u00fablica en sus visitas a territorio brit\u00e1nico, mientras que, paralelamente, mantiene abiertos varios litigios contra medios de comunicaci\u00f3n del pa\u00eds.<\/p>\n","protected":false},"excerpt":{"rendered":"<p>El pr\u00edncipe Harry recurrir\u00e1 el fallo judicial que concluye que el Gobierno brit\u00e1nico actu\u00f3 legalmente&#8230;<\/p>\n","protected":false},"author":1,"featured_media":21682,"comment_status":"open","ping_status":"closed","sticky":false,"template":"","format":"standard","meta":{"footnotes":""},"categories":[5],"tags":[],"class_list":["post-21680","post","type-post","status-publish","format-standard","has-post-thumbnail","hentry","category-internacional"],"_links":{"self":[{"href":"https:\/\/sacramentoqr.com\/index.php?rest_route=\/wp\/v2\/posts\/21680","targetHints":{"allow":["GET"]}}],"collection":[{"href":"https:\/\/sacramentoqr.com\/index.php?rest_route=\/wp\/v2\/posts"}],"about":[{"href":"https:\/\/sacramentoqr.com\/index.php?rest_route=\/wp\/v2\/types\/post"}],"author":[{"embeddable":true,"href":"https:\/\/sacramentoqr.com\/index.php?rest_route=\/wp\/v2\/users\/1"}],"replies":[{"embeddable":true,"href":"https:\/\/sacramentoqr.com\/index.php?rest_route=%2Fwp%2Fv2%2Fcomments&post=21680"}],"version-history":[{"count":1,"href":"https:\/\/sacramentoqr.com\/index.php?rest_route=\/wp\/v2\/posts\/21680\/revisions"}],"predecessor-version":[{"id":21681,"href":"https:\/\/sacramentoqr.com\/index.php?rest_route=\/wp\/v2\/posts\/21680\/revisions\/21681"}],"wp:featuredmedia":[{"embeddable":true,"href":"https:\/\/sacramentoqr.com\/index.php?rest_route=\/wp\/v2\/media\/21682"}],"wp:attachment":[{"href":"https:\/\/sacramentoqr.com\/index.php?rest_route=%2Fwp%2Fv2%2Fmedia&parent=21680"}],"wp:term":[{"taxonomy":"category","embeddable":true,"href":"https:\/\/sacramentoqr.com\/index.php?rest_route=%2Fwp%2Fv2%2Fcategories&post=21680"},{"taxonomy":"post_tag","embeddable":true,"href":"https:\/\/sacramentoqr.com\/index.php?rest_route=%2Fwp%2Fv2%2Ftags&post=21680"}],"curies":[{"name":"wp","href":"https:\/\/api.w.org\/{rel}","templated":true}]}}