{"id":21692,"date":"2024-02-29T10:45:02","date_gmt":"2024-02-29T15:45:02","guid":{"rendered":"https:\/\/sacramentoqr.com\/?p=21692"},"modified":"2024-02-29T15:45:03","modified_gmt":"2024-02-29T15:45:03","slug":"papa-francisco-mantuvo-hoy-su-agenda-tras-someterse-a-pruebas-medicas","status":"publish","type":"post","link":"https:\/\/sacramentoqr.com\/?p=21692","title":{"rendered":"Papa Francisco mantuvo hoy su agenda tras someterse a pruebas m\u00e9dicas"},"content":{"rendered":"<p>El papa Francisco mantuvo sin cambios la agenda prevista para este jueves, despu\u00e9s de que el mi\u00e9rcoles acudiera al hospital Gemelli de la isla Tiberina, en el centro de Roma, para algunas pruebas despu\u00e9s de varios d\u00edas con gripe.<\/p>\n<p>El papa celebr\u00f3 hoy varias audiencias, entre ellas un encuentro con los obispos de Emilia-Roma\u00f1a y tambi\u00e9n con el prefecto del Dicasterio para los Laicos, la Familia y la Vida, cardenal Kevin Joseph Farrell; con el Padre Andrzej Komorowski, Superior General de la Fraternidad Sacerdotal de San Pedro y con el patriarca de Lisboa, Rui Manuel Sousa Val\u00e9rio.<\/p>\n<p>Francisco celebr\u00f3 el mi\u00e9rcoles la audiencia general ante miles de personas en el aula Pablo VI del Vaticano pero afirm\u00f3 que segu\u00eda un poco resfriado y prefiri\u00f3 que la catequesis la leyese un colaborador.<\/p>\n<p>Tras la audiencia, en su veh\u00edculo privado se acerc\u00f3 a ese hospital, habitual para tratar a los papas para \u201cunas pruebas diagn\u00f3sticas\u201d y despu\u00e9s regres\u00f3 al Vaticano, sin que se comunicase el resultado de estas.<\/p>\n<p>El pont\u00edfice argentino ya hab\u00eda acudido en otra ocasi\u00f3n para someterse a una tomograf\u00eda computarizada (TAC) cuando sufri\u00f3 una bronquitis.<\/p>\n<p>El pasado lunes el Vaticano inform\u00f3 de que persist\u00edan \u201clos leves s\u00edntomas gripales, aunque sin fiebre\u201d, pero que por precauci\u00f3n se hab\u00edan suspendido las audiencias previstas.<\/p>\n<p>El papa Francisco s\u00ed celebr\u00f3 el domingo el tradicional rezo dominical del \u00e1ngelus asomado a la ventana del palacio pontificio y ley\u00f3 con buena voz ante los miles de fieles reunidos en la plaza de San Pedro del Vaticano.<\/p>\n<p>A finales de noviembre, el papa sufri\u00f3 una bronquitis por la que tuvo que anular algunos de los actos y celebrar el \u00e1ngelus en privado y tambi\u00e9n ser sustituido por un colaborador para leer sus discursos.<\/p>\n<p>Para permitir su recuperaci\u00f3n, el pont\u00edfice argentino anul\u00f3 el viaje previsto a principios de diciembre a Dub\u00e1i para participar en la cumbre del Clima.<\/p>\n<p>Pero despu\u00e9s se recuper\u00f3 totalmente e incluso el 8 de diciembre acudi\u00f3 a la plaza de Espa\u00f1a al tradicional homenaje a la Virgen de la Inmaculada.<\/p>\n","protected":false},"excerpt":{"rendered":"<p>El papa Francisco mantuvo sin cambios la agenda prevista para este jueves, despu\u00e9s de que&#8230;<\/p>\n","protected":false},"author":1,"featured_media":21694,"comment_status":"open","ping_status":"closed","sticky":false,"template":"","format":"standard","meta":{"footnotes":""},"categories":[5],"tags":[],"class_list":["post-21692","post","type-post","status-publish","format-standard","has-post-thumbnail","hentry","category-internacional"],"_links":{"self":[{"href":"https:\/\/sacramentoqr.com\/index.php?rest_route=\/wp\/v2\/posts\/21692","targetHints":{"allow":["GET"]}}],"collection":[{"href":"https:\/\/sacramentoqr.com\/index.php?rest_route=\/wp\/v2\/posts"}],"about":[{"href":"https:\/\/sacramentoqr.com\/index.php?rest_route=\/wp\/v2\/types\/post"}],"author":[{"embeddable":true,"href":"https:\/\/sacramentoqr.com\/index.php?rest_route=\/wp\/v2\/users\/1"}],"replies":[{"embeddable":true,"href":"https:\/\/sacramentoqr.com\/index.php?rest_route=%2Fwp%2Fv2%2Fcomments&post=21692"}],"version-history":[{"count":1,"href":"https:\/\/sacramentoqr.com\/index.php?rest_route=\/wp\/v2\/posts\/21692\/revisions"}],"predecessor-version":[{"id":21693,"href":"https:\/\/sacramentoqr.com\/index.php?rest_route=\/wp\/v2\/posts\/21692\/revisions\/21693"}],"wp:featuredmedia":[{"embeddable":true,"href":"https:\/\/sacramentoqr.com\/index.php?rest_route=\/wp\/v2\/media\/21694"}],"wp:attachment":[{"href":"https:\/\/sacramentoqr.com\/index.php?rest_route=%2Fwp%2Fv2%2Fmedia&parent=21692"}],"wp:term":[{"taxonomy":"category","embeddable":true,"href":"https:\/\/sacramentoqr.com\/index.php?rest_route=%2Fwp%2Fv2%2Fcategories&post=21692"},{"taxonomy":"post_tag","embeddable":true,"href":"https:\/\/sacramentoqr.com\/index.php?rest_route=%2Fwp%2Fv2%2Ftags&post=21692"}],"curies":[{"name":"wp","href":"https:\/\/api.w.org\/{rel}","templated":true}]}}