{"id":21726,"date":"2024-03-04T12:06:06","date_gmt":"2024-03-04T17:06:06","guid":{"rendered":"https:\/\/sacramentoqr.com\/?p=21726"},"modified":"2024-03-04T17:06:07","modified_gmt":"2024-03-04T17:06:07","slug":"salma-hayek-deslumbra-en-la-semana-de-la-moda-de-paris-con-un-impactante-escote","status":"publish","type":"post","link":"https:\/\/sacramentoqr.com\/?p=21726","title":{"rendered":"Salma Hayek deslumbra en la Semana de la Moda de Par\u00eds con un impactante escote"},"content":{"rendered":"<p>Salma Hayek se convirti\u00f3 en el centro de atenci\u00f3n en la Semana de la Moda en Par\u00eds, Francia, donde las casas de moda m\u00e1s prestigiosas presentan sus colecciones del a\u00f1o.<\/p>\n<p>En esta ocasi\u00f3n, durante el desfile de oto\u00f1o\/invierno, una presencia que no pas\u00f3 desapercibida fue la de la talentosa actriz y productora mexicana.<\/p>\n<p>Luciendo un deslumbrante dise\u00f1o de Alexander McQueen, Salma Hayek dej\u00f3 a todos boquiabiertos con su elegancia y estilo en la pasarela parisina. Sin embargo, lo que m\u00e1s llam\u00f3 la atenci\u00f3n fue su elecci\u00f3n de vestuario: un atrevido escote que resaltaba su belleza y sensualidad.<\/p>\n<p>Con 57 a\u00f1os de edad, Hayek demostr\u00f3 que la edad es s\u00f3lo un n\u00famero y que sigue siendo una de las mujeres m\u00e1s deslumbrantes de la industria del entretenimiento.<\/p>\n<p>No es la primera vez que Salma Hayek, quien est\u00e1 casada con el empresario Fran\u00e7ois-Henri Pinault, hace alarde de su pasi\u00f3n por la moda.<\/p>\n<p>Desde sus inicios en la telenovela \u201cTeresa\u201d en M\u00e9xico, hasta su consagraci\u00f3n como una de las actrices m\u00e1s reconocidas a nivel internacional, Salma siempre ha destacado por su estilo \u00fanico y su capacidad para deslumbrar en cualquier evento.<\/p>\n<p>Adem\u00e1s de su exitosa carrera en el cine, Salma Hayek es madre de Valentina Paloma, quien a sus 16 a\u00f1os ha mostrado inter\u00e9s por el mundo de la moda, siguiendo los pasos de su talentosa madre.<\/p>\n<p>La presencia de Salma Hayek en la Semana de la Moda de Par\u00eds no s\u00f3lo resalta su influencia en el mundo del entretenimiento, sino tambi\u00e9n su impacto en la industria de la moda. Su elecci\u00f3n de atuendo y su deslumbrante presencia en el evento son un testimonio de su elegancia y su posici\u00f3n como un \u00edcono de estilo para millones de personas en todo el mundo.<\/p>\n","protected":false},"excerpt":{"rendered":"<p>Salma Hayek se convirti\u00f3 en el centro de atenci\u00f3n en la Semana de la Moda&#8230;<\/p>\n","protected":false},"author":1,"featured_media":21728,"comment_status":"open","ping_status":"closed","sticky":false,"template":"","format":"standard","meta":{"footnotes":""},"categories":[4],"tags":[],"class_list":["post-21726","post","type-post","status-publish","format-standard","has-post-thumbnail","hentry","category-espectaculos"],"_links":{"self":[{"href":"https:\/\/sacramentoqr.com\/index.php?rest_route=\/wp\/v2\/posts\/21726","targetHints":{"allow":["GET"]}}],"collection":[{"href":"https:\/\/sacramentoqr.com\/index.php?rest_route=\/wp\/v2\/posts"}],"about":[{"href":"https:\/\/sacramentoqr.com\/index.php?rest_route=\/wp\/v2\/types\/post"}],"author":[{"embeddable":true,"href":"https:\/\/sacramentoqr.com\/index.php?rest_route=\/wp\/v2\/users\/1"}],"replies":[{"embeddable":true,"href":"https:\/\/sacramentoqr.com\/index.php?rest_route=%2Fwp%2Fv2%2Fcomments&post=21726"}],"version-history":[{"count":1,"href":"https:\/\/sacramentoqr.com\/index.php?rest_route=\/wp\/v2\/posts\/21726\/revisions"}],"predecessor-version":[{"id":21727,"href":"https:\/\/sacramentoqr.com\/index.php?rest_route=\/wp\/v2\/posts\/21726\/revisions\/21727"}],"wp:featuredmedia":[{"embeddable":true,"href":"https:\/\/sacramentoqr.com\/index.php?rest_route=\/wp\/v2\/media\/21728"}],"wp:attachment":[{"href":"https:\/\/sacramentoqr.com\/index.php?rest_route=%2Fwp%2Fv2%2Fmedia&parent=21726"}],"wp:term":[{"taxonomy":"category","embeddable":true,"href":"https:\/\/sacramentoqr.com\/index.php?rest_route=%2Fwp%2Fv2%2Fcategories&post=21726"},{"taxonomy":"post_tag","embeddable":true,"href":"https:\/\/sacramentoqr.com\/index.php?rest_route=%2Fwp%2Fv2%2Ftags&post=21726"}],"curies":[{"name":"wp","href":"https:\/\/api.w.org\/{rel}","templated":true}]}}