{"id":21729,"date":"2024-03-04T12:58:43","date_gmt":"2024-03-04T17:58:43","guid":{"rendered":"https:\/\/sacramentoqr.com\/?p=21729"},"modified":"2024-03-04T17:58:44","modified_gmt":"2024-03-04T17:58:44","slug":"casi-cuatro-de-cada-10-mexicanos-tendran-obesidad-en-2030","status":"publish","type":"post","link":"https:\/\/sacramentoqr.com\/?p=21729","title":{"rendered":"Casi cuatro de cada 10 mexicanos tendr\u00e1n obesidad en 2030"},"content":{"rendered":"<p>Casi cuatro de cada 10 mexicanos padecer\u00e1n obesidad en 2030, alert\u00f3 una de las especialistas del Consejo Mexicano de Medicina Interna y de la Sociedad Mexicana de Nutrici\u00f3n y Endocrinolog\u00eda, en el D\u00eda Mundial de la Obesidad.<\/p>\n<p>\u201cProyecciones indican que para el a\u00f1o 2030, aproximadamente el 36.8 por ciento de la poblaci\u00f3n mexicana padecer\u00e1 obesidad, con un incremento anual de 1.6 por ciento\u201d, se\u00f1al\u00f3 a EFE la doctora F\u00e1tima Margarita Rodr\u00edguez D\u00e1vila, m\u00e9dica cirujana y especialista en obesidad.<\/p>\n<p>Seg\u00fan La Federaci\u00f3n Mundial de la Obesidad, M\u00e9xico ha experimentado un \u201ccrecimiento alarmante\u201d de la obesidad en las \u00faltimas d\u00e9cadas.<\/p>\n<p>En el D\u00eda Mundial de la Obesidad, el 4 de marzo, el pa\u00eds est\u00e1 en el quinto lugar mundial, con 21 millones de mujeres (41 por ciento del total) y 15 millones de hombres (el 31 por ciento) con esta condici\u00f3n.<\/p>\n<p>Ricardo Luna, presidente de la Federaci\u00f3n Centroamericana y del Caribe de Obesidad y Metabolismo, M\u00e9xico y Colombia, record\u00f3 que el sobrepeso y obesidad afectan al 33.6 por ciento de ni\u00f1os y adolescentes de cinco a 19 a\u00f1os en Latinoam\u00e9rica.<\/p>\n<p>\u201cEsto se debe principalmente a los bajos niveles de lactancia materna y a dietas deficientes en frutas y verduras y ricas en alimentos ultraprocesados y bebidas azucaradas\u201d, agreg\u00f3.<\/p>\n<p>Refiri\u00f3 que en 2021 la obesidad fue responsable de 2.8 millones de muertes por enfermedades no transmisibles en la regi\u00f3n.<\/p>\n<p>\u201cM\u00e9xico ocupa el quinto lugar a nivel mundial en cuanto a esta enfermedad, la cual afecta a m\u00e1s de 50 millones de personas, seg\u00fan datos de la Encuesta Nacional de Salud y Nutrici\u00f3n (Ensanut) 2022\u201d, detall\u00f3.<\/p>\n<p>Causas multifactoriales<br \/>\nLuna se\u00f1al\u00f3 que entre los factores que contribuyen a la obesidad est\u00e1n la salud mental, el entorno social poco saludable, el inacceso a atenci\u00f3n m\u00e9dica de calidad, y un alto consumo de alimentos ultraprocesados.<\/p>\n<p>\u201cPor lo tanto, el problema es m\u00e1s complejo que una alteraci\u00f3n en el ingreso y gasto cal\u00f3rico, sus ra\u00edces son m\u00e1s profundas y abarcan m\u00faltiples dimensiones de la salud y el bienestar\u201d, argument\u00f3.<\/p>\n<p>La organizaci\u00f3n mexicana El Poder del Consumidor afirm\u00f3 que la epidemia de obesidad se debe principalmente al mayor consumo de productos ultraprocesados, que ha derivado, en gran medida, de la falta de regulaci\u00f3n del entorno alimentario.<\/p>\n<p>\u201cUna de las causas de la falta de implementaci\u00f3n de pol\u00edticas alimentarias dirigidas a atacar la obesidad ha sido la gran oposici\u00f3n de la industria alimentaria, quien ha hecho todo lo posible por impedir que el Estado mexicano avance en las regulaciones pertinentes\u201d, se\u00f1al\u00f3 la organizaci\u00f3n en un documento.<\/p>\n<p>Atenci\u00f3n integral<br \/>\nAunado a ello, Luna enfatiz\u00f3 que \u201cel estigma social de la obesidad refuerza suposiciones de que esta enfermedad es la responsabilidad del individuo da\u00f1ando el bienestar mental y f\u00edsico\u201d.<\/p>\n<p>Adem\u00e1s, enunci\u00f3 barreras como la falta de recursos para conseguir un tratamiento m\u00e1s completo, la escasez de alimentos m\u00e1s sanos y el insuficiente conocimiento sobre la obesidad como una enfermedad.<\/p>\n<p>Rodr\u00edguez D\u00e1vila refiri\u00f3 que \u201clas emociones tambi\u00e9n han surgido como un factor crucial en el desarrollo del exceso de peso, ya que muchas personas recurren a la comida como una forma de hacer frente al estr\u00e9s, la tristeza o la ansiedad, llegando a experimentar lo que se conoce como hambre emocional\u201d.<\/p>\n<p>En tanto, Luna se\u00f1al\u00f3 que la terapia nutricional m\u00e9dica, el tratamiento farmacol\u00f3gico, y la cirug\u00eda bari\u00e1trica, son opciones de tratamiento para la obesidad, aunque \u201ces necesario acudir con un profesional de la salud para que revise la mejor opci\u00f3n\u201d.<\/p>\n","protected":false},"excerpt":{"rendered":"<p>Casi cuatro de cada 10 mexicanos padecer\u00e1n obesidad en 2030, alert\u00f3 una de las especialistas&#8230;<\/p>\n","protected":false},"author":1,"featured_media":21731,"comment_status":"open","ping_status":"closed","sticky":false,"template":"","format":"standard","meta":{"footnotes":""},"categories":[7],"tags":[],"class_list":["post-21729","post","type-post","status-publish","format-standard","has-post-thumbnail","hentry","category-nacional"],"_links":{"self":[{"href":"https:\/\/sacramentoqr.com\/index.php?rest_route=\/wp\/v2\/posts\/21729","targetHints":{"allow":["GET"]}}],"collection":[{"href":"https:\/\/sacramentoqr.com\/index.php?rest_route=\/wp\/v2\/posts"}],"about":[{"href":"https:\/\/sacramentoqr.com\/index.php?rest_route=\/wp\/v2\/types\/post"}],"author":[{"embeddable":true,"href":"https:\/\/sacramentoqr.com\/index.php?rest_route=\/wp\/v2\/users\/1"}],"replies":[{"embeddable":true,"href":"https:\/\/sacramentoqr.com\/index.php?rest_route=%2Fwp%2Fv2%2Fcomments&post=21729"}],"version-history":[{"count":1,"href":"https:\/\/sacramentoqr.com\/index.php?rest_route=\/wp\/v2\/posts\/21729\/revisions"}],"predecessor-version":[{"id":21730,"href":"https:\/\/sacramentoqr.com\/index.php?rest_route=\/wp\/v2\/posts\/21729\/revisions\/21730"}],"wp:featuredmedia":[{"embeddable":true,"href":"https:\/\/sacramentoqr.com\/index.php?rest_route=\/wp\/v2\/media\/21731"}],"wp:attachment":[{"href":"https:\/\/sacramentoqr.com\/index.php?rest_route=%2Fwp%2Fv2%2Fmedia&parent=21729"}],"wp:term":[{"taxonomy":"category","embeddable":true,"href":"https:\/\/sacramentoqr.com\/index.php?rest_route=%2Fwp%2Fv2%2Fcategories&post=21729"},{"taxonomy":"post_tag","embeddable":true,"href":"https:\/\/sacramentoqr.com\/index.php?rest_route=%2Fwp%2Fv2%2Ftags&post=21729"}],"curies":[{"name":"wp","href":"https:\/\/api.w.org\/{rel}","templated":true}]}}