{"id":21746,"date":"2024-03-05T10:01:30","date_gmt":"2024-03-05T15:01:30","guid":{"rendered":"https:\/\/sacramentoqr.com\/?p=21746"},"modified":"2024-03-05T15:01:32","modified_gmt":"2024-03-05T15:01:32","slug":"edgar-vivar-cuenta-que-tendra-un-cameo-en-la-bioserie-de-chespirito","status":"publish","type":"post","link":"https:\/\/sacramentoqr.com\/?p=21746","title":{"rendered":"Edgar Vivar cuenta que tendr\u00e1 un cameo en la bioserie de Chespirito"},"content":{"rendered":"<p>Edgar Vivar sorprende con la noticia de que aparecer\u00e1 en \u00abSin querer queriendo\u00bb, la bioserie de Roberto G\u00f3mez Bola\u00f1os \u00abChespirito\u00bb, pues adem\u00e1s de haber sido entrevistado para que su testimonio sustentara el gui\u00f3n de la historia, el actor revel\u00f3 que dar\u00e1 vida a uno de los personajes, \u00bfcu\u00e1l ser\u00e1?, aqu\u00ed te lo decimos.<\/p>\n<p>El actor se convirti\u00f3 en el padrino de la nueva temporada de \u00abTeatro en corto\u00bb y, mientras ten\u00eda lugar el evento, la prensa se acerc\u00f3 a \u00e9l para preguntarle qu\u00e9 opinaba de la producci\u00f3n de HBO Max, pues \u00e9l es parte fundamental de la historia detr\u00e1s de \u00abChespirito\u00bb y los programas que realiz\u00f3 durante la d\u00e9cada de los setenta y ochenta.<\/p>\n<p>En las producciones de don Roberto, Vivar dio vida a entra\u00f1ables personajes como \u00abEl se\u00f1or Barriga\u00bb, \u00ab\u00d1o\u00f1o\u00bb, \u00abEl botija\u00bb y \u00abBola\u00f1os\u00bb.<\/p>\n<p>Fue as\u00ed que el actor, de 75 a\u00f1os, cont\u00f3 que aparecer\u00e1 en algunos de los episodios de la bioserie, pues se pondr\u00e1 en los zapatos de Agust\u00edn P. Delgado, director y productor de cine, quien fuera responsable de apodar a G\u00f3mez Bola\u00f1os como \u00abChespirito\u00bb.<\/p>\n<p>\u00abYo voy a hacer un cameo, voy a interpretar a Agust\u00edn P. Delgado, un director de cine, quien bautiz\u00f3 a Roberto G\u00f3mez Bola\u00f1os como \u00b4Chepirito\u00b4\u00bb.<\/p>\n<p>Tambi\u00e9n cont\u00f3 que fue una de las personas que la producci\u00f3n entrevist\u00f3, para incluir sus recuerdos dentro de la historia, que de acuerdo con Vivar, comenz\u00f3 a filmarse desde hace dos semanas.<\/p>\n<p>\u00abMi participaci\u00f3n dentro de este proyecto fue informativo\u00bb, destac\u00f3.<\/p>\n<p>Don Edgar cont\u00f3 que, de hecho, los ejecutivos de HBO Max le han solicitado que se convierta en el embajador de la serie, un t\u00edtulo que no ha querido aceptar, debido a que ser\u00eda poner las manos al fuego por una historia de la que a\u00fan no conoce el resultado final, por lo que expres\u00f3 que, para acceder, tendr\u00e1 que ver la serie completa primero.<\/p>\n<p>\u00abLo estoy pensando, tengo que verla terminada primero para poder dar mi cara y decir: \u00b4-Oye, esto es un producto que vale verdaderamente la pena\u00b4\u00bb, indic\u00f3.<\/p>\n<p>Vivar se\u00f1al\u00f3 que s\u00f3lo ha le\u00eddo uno de los cap\u00edtulos de la serie, as\u00ed como, recientemente, fue enterado de que los cap\u00edtulos para los que hab\u00eda sido pensada ser\u00e1n reducidos, por lo que cree que a\u00fan falta mucho trabajo para que el resultado sea presentado.<\/p>\n<p>\u00abHay que esperar a que el producto est\u00e9 terminado\u00bb, precis\u00f3.<\/p>\n","protected":false},"excerpt":{"rendered":"<p>Edgar Vivar sorprende con la noticia de que aparecer\u00e1 en \u00abSin querer queriendo\u00bb, la bioserie&#8230;<\/p>\n","protected":false},"author":1,"featured_media":21748,"comment_status":"open","ping_status":"closed","sticky":false,"template":"","format":"standard","meta":{"footnotes":""},"categories":[4],"tags":[],"class_list":["post-21746","post","type-post","status-publish","format-standard","has-post-thumbnail","hentry","category-espectaculos"],"_links":{"self":[{"href":"https:\/\/sacramentoqr.com\/index.php?rest_route=\/wp\/v2\/posts\/21746","targetHints":{"allow":["GET"]}}],"collection":[{"href":"https:\/\/sacramentoqr.com\/index.php?rest_route=\/wp\/v2\/posts"}],"about":[{"href":"https:\/\/sacramentoqr.com\/index.php?rest_route=\/wp\/v2\/types\/post"}],"author":[{"embeddable":true,"href":"https:\/\/sacramentoqr.com\/index.php?rest_route=\/wp\/v2\/users\/1"}],"replies":[{"embeddable":true,"href":"https:\/\/sacramentoqr.com\/index.php?rest_route=%2Fwp%2Fv2%2Fcomments&post=21746"}],"version-history":[{"count":1,"href":"https:\/\/sacramentoqr.com\/index.php?rest_route=\/wp\/v2\/posts\/21746\/revisions"}],"predecessor-version":[{"id":21747,"href":"https:\/\/sacramentoqr.com\/index.php?rest_route=\/wp\/v2\/posts\/21746\/revisions\/21747"}],"wp:featuredmedia":[{"embeddable":true,"href":"https:\/\/sacramentoqr.com\/index.php?rest_route=\/wp\/v2\/media\/21748"}],"wp:attachment":[{"href":"https:\/\/sacramentoqr.com\/index.php?rest_route=%2Fwp%2Fv2%2Fmedia&parent=21746"}],"wp:term":[{"taxonomy":"category","embeddable":true,"href":"https:\/\/sacramentoqr.com\/index.php?rest_route=%2Fwp%2Fv2%2Fcategories&post=21746"},{"taxonomy":"post_tag","embeddable":true,"href":"https:\/\/sacramentoqr.com\/index.php?rest_route=%2Fwp%2Fv2%2Ftags&post=21746"}],"curies":[{"name":"wp","href":"https:\/\/api.w.org\/{rel}","templated":true}]}}