{"id":21777,"date":"2024-03-07T11:02:31","date_gmt":"2024-03-07T16:02:31","guid":{"rendered":"https:\/\/sacramentoqr.com\/?p=21777"},"modified":"2024-03-07T16:02:32","modified_gmt":"2024-03-07T16:02:32","slug":"bandidos-unos-hampones-muy-inclusivos","status":"publish","type":"post","link":"https:\/\/sacramentoqr.com\/?p=21777","title":{"rendered":"Bandidos, unos hampones muy inclusivos"},"content":{"rendered":"<p>Nadie va a quitarle a Mabel Cadena el orgullo de ser la segunda mexicana en formar parte del universo de Marvel, en especial con un personaje tan poderoso como Namora en Black Panther: Wakanda Forever.<\/p>\n<p>Sin embargo, para ella, Bandidos, la nueva serie que estrena el 13 de marzo en<br \/>\nNetflix, representa mucho m\u00e1s debido a que la trama, basada en la b\u00fasqueda de un tesoro, fue un pretexto para presentar toda la riqueza de M\u00e9xico y abrir paso a la inclusi\u00f3n.<\/p>\n<p>Porque In\u00e9s es una mujer que tiene un hijo sordo y es algo que tambi\u00e9n me pareci\u00f3 espectacular de la serie, que puedan ver otro lenguaje en una misma trama. Mateo (su hijo en la ficci\u00f3n) es un ni\u00f1o que habla lengua de se\u00f1as con nosotros y fue un reto que tambi\u00e9n tuvimos que asumir en el show y me parece que pocas veces lo vemos representado\u201d, destac\u00f3 Cadena en conferencia de prensa.<\/p>\n<p>Es una serie que tiene una cantidad de elementos e historias completamente diferentes, que es divertida, tiene humor, aventura e incluye elementos como hablar diferentes lenguajes y mostrar otra cultura. Me encanta que podamos darle la vuelta a todo esto con una historia como esta con dioses mayas, lenguas ind\u00edgenas y una diversidad de rostros, paisajes, colores y vida\u201d, agreg\u00f3<\/p>\n<p>En la producci\u00f3n, In\u00e9s es una mujer polic\u00eda cuya \u00e9tica se ver\u00e1 amenazada por este grupo de malhechores que se cruza en su camino.<\/p>\n<p>Algo que amo de mi personaje es que tiene un gran sentido de \u00e9tica, mucha garra y pasi\u00f3n de querer hacer las cosas bien en un sistema y un momento complicado, pero encontrarse con los bandidos creo que s\u00f3lo la va a confrontar con todo lo que est\u00e1 tratando de ocultar de su propia vida, la va a sacar de la rigidez y a llevar a vivir aventuras\u201d, comparti\u00f3.<\/p>\n<p>Mabel dijo que cre\u00f3 un ambiente incre\u00edble con todos sus compa\u00f1eros, pues convivi\u00f3 con ellos durante las 24 horas de toda la semana cuando realizaron la grabaci\u00f3n de cada uno de los episodios.<\/p>\n<p>Adem\u00e1s, precis\u00f3 que pudo convivir todos, pues las historias de sus personajes se van entrelazando a medida que va avanzando el conflicto.<\/p>\n<p>Cadena se acompa\u00f1\u00f3 de Alfonso Dosal, Ester Exp\u00f3sito, Juan Pablo Medina, Nicol\u00e1s Furtado, Andr\u00e9s Baida, Andrea Chaparro y Juan Pablo Fuentes para presentar Bandidos ayer en un hotel de la Ciudad de M\u00e9xico.<\/p>\n<p>El programa seguir\u00e1 la b\u00fasqueda de Miguel (Dosal), el hijo de un famoso arque\u00f3logo retirado, quien junta a todo un equipo de personas peculiares: una estafadora, un falsificador, una ladrona, un hacker, un mat\u00f3n y hasta una polic\u00eda para obtener un tesoro que incluye m\u00faltiples joyas y reliquias prehisp\u00e1nicas nunca antes vistas.<\/p>\n<p>Si bien es una historia que por su g\u00e9nero de aventura requiere de mucha acci\u00f3n, tanto Exp\u00f3sito como el resto del elenco, aseguraron que el mayor reto fue simplemente sobrevivir a las inclemencias del clima en el que trabajaron.<\/p>\n<p>La pasamos muy bien grabando esta historia, adem\u00e1s de los lugares maravillosos que conocimos y s\u00ed fue un reto, porque es una comedia y es verdad que no lo hab\u00eda hecho tanto, pero lo que siento que fue lo m\u00e1s dif\u00edcil fueron las condiciones climatol\u00f3gicas, el calor terrible que pasamos en M\u00e9rida, de verdad que nunca me hab\u00eda enfrentado a esto.<\/p>\n<p>Porque, adem\u00e1s, Lily (su rol) ten\u00eda esta nota (del director) de ser impecable, incluso cambia de ropa en medio de la selva, as\u00ed que s\u00ed fue un reto (mantenerse perfecta) porque yo sudaba como un pollo, pero tambi\u00e9n creo que si no sufres un poco el rodaje luego uno no se siente tan realizado\u201d, comparti\u00f3 Exp\u00f3sito entre risas.<\/p>\n<p>El elenco estar\u00e1 presente hoy en una plaza comercial de la capital para continuar promoviendo el show, que parece encontrar inspiraci\u00f3n en epopeyas de corsarios como Piratas del Caribe, pero tambi\u00e9n en la reuni\u00f3n de mentes maestras como se vio en La casa de papel.<\/p>\n<p>Bandidos es parte de los estrenos de Netflix este mes junto con Damsel, de Millie Bobby Brown; y Avatar: La leyenda de Aang.<\/p>\n","protected":false},"excerpt":{"rendered":"<p>Nadie va a quitarle a Mabel Cadena el orgullo de ser la segunda mexicana en&#8230;<\/p>\n","protected":false},"author":1,"featured_media":21779,"comment_status":"open","ping_status":"closed","sticky":false,"template":"","format":"standard","meta":{"footnotes":""},"categories":[4],"tags":[],"class_list":["post-21777","post","type-post","status-publish","format-standard","has-post-thumbnail","hentry","category-espectaculos"],"_links":{"self":[{"href":"https:\/\/sacramentoqr.com\/index.php?rest_route=\/wp\/v2\/posts\/21777","targetHints":{"allow":["GET"]}}],"collection":[{"href":"https:\/\/sacramentoqr.com\/index.php?rest_route=\/wp\/v2\/posts"}],"about":[{"href":"https:\/\/sacramentoqr.com\/index.php?rest_route=\/wp\/v2\/types\/post"}],"author":[{"embeddable":true,"href":"https:\/\/sacramentoqr.com\/index.php?rest_route=\/wp\/v2\/users\/1"}],"replies":[{"embeddable":true,"href":"https:\/\/sacramentoqr.com\/index.php?rest_route=%2Fwp%2Fv2%2Fcomments&post=21777"}],"version-history":[{"count":1,"href":"https:\/\/sacramentoqr.com\/index.php?rest_route=\/wp\/v2\/posts\/21777\/revisions"}],"predecessor-version":[{"id":21778,"href":"https:\/\/sacramentoqr.com\/index.php?rest_route=\/wp\/v2\/posts\/21777\/revisions\/21778"}],"wp:featuredmedia":[{"embeddable":true,"href":"https:\/\/sacramentoqr.com\/index.php?rest_route=\/wp\/v2\/media\/21779"}],"wp:attachment":[{"href":"https:\/\/sacramentoqr.com\/index.php?rest_route=%2Fwp%2Fv2%2Fmedia&parent=21777"}],"wp:term":[{"taxonomy":"category","embeddable":true,"href":"https:\/\/sacramentoqr.com\/index.php?rest_route=%2Fwp%2Fv2%2Fcategories&post=21777"},{"taxonomy":"post_tag","embeddable":true,"href":"https:\/\/sacramentoqr.com\/index.php?rest_route=%2Fwp%2Fv2%2Ftags&post=21777"}],"curies":[{"name":"wp","href":"https:\/\/api.w.org\/{rel}","templated":true}]}}