{"id":21795,"date":"2024-03-08T12:13:15","date_gmt":"2024-03-08T17:13:15","guid":{"rendered":"https:\/\/sacramentoqr.com\/?p=21795"},"modified":"2024-03-08T17:13:16","modified_gmt":"2024-03-08T17:13:16","slug":"mujeres-amplian-participacion-en-las-elecciones","status":"publish","type":"post","link":"https:\/\/sacramentoqr.com\/?p=21795","title":{"rendered":"Mujeres ampl\u00edan participaci\u00f3n en las elecciones"},"content":{"rendered":"<p>En la elecci\u00f3n de 2018, el Instituto Nacional Electoral revel\u00f3 que 62.3% del electorado acudi\u00f3 a votar en M\u00e9xico. La participaci\u00f3n de las mujeres fue mayor que la de los hombres por ocho puntos porcentuales. Del total, votaron 66.2% de las mujeres inscritas en el listado nominal, contra 58% de los hombres.<\/p>\n<p>Con las \u00faltimas reformas avaladas en el Congreso de la Uni\u00f3n y los Estados, se prev\u00e9 una mayor paridad de g\u00e9nero; es decir, que los Poderes Legislativos federal y estatales est\u00e9n conformados por la mitad de mujeres, por lo menos. Lo mismo se pretende en las alcald\u00edas.<\/p>\n<p>Con ese contexto, las pr\u00f3ximas elecciones del 2 de junio tendr\u00e1n una mayor participaci\u00f3n de candidatas a los diferentes cargos p\u00fablicos, encabezadas por la Presidencia de la Rep\u00fablica, en donde participan Claudia Sheinbaum (Morena y aliados) y X\u00f3chitl G\u00e1lvez (PRI, PAN y PRD). El \u00fanico var\u00f3n es Jorge \u00c1lvarez M\u00e1ynez (Movimiento Ciudadano).<\/p>\n<p>En Jalisco, buscan la gubernatura Claudia Delgadillo y Laura Haro, por las mismas coaliciones, respectivamente. El \u00fanico hombre es Pablo Lemus (Movimiento Ciudadano).<\/p>\n<p>Por la capital del Estado, Ver\u00f3nica Delgadillo (Movimiento Ciudadano) pretende quedarse con el Ayuntamiento de Guadalajara, as\u00ed como Diana Gonz\u00e1lez (por la alianza PRI, PAN y PRD). Jos\u00e9 Mar\u00eda Mart\u00ednez es el \u00fanico hombre que compite por la alcald\u00eda (Morena y aliados).<\/p>\n","protected":false},"excerpt":{"rendered":"<p>En la elecci\u00f3n de 2018, el Instituto Nacional Electoral revel\u00f3 que 62.3% del electorado acudi\u00f3&#8230;<\/p>\n","protected":false},"author":1,"featured_media":21797,"comment_status":"open","ping_status":"closed","sticky":false,"template":"","format":"standard","meta":{"footnotes":""},"categories":[7],"tags":[],"class_list":["post-21795","post","type-post","status-publish","format-standard","has-post-thumbnail","hentry","category-nacional"],"_links":{"self":[{"href":"https:\/\/sacramentoqr.com\/index.php?rest_route=\/wp\/v2\/posts\/21795","targetHints":{"allow":["GET"]}}],"collection":[{"href":"https:\/\/sacramentoqr.com\/index.php?rest_route=\/wp\/v2\/posts"}],"about":[{"href":"https:\/\/sacramentoqr.com\/index.php?rest_route=\/wp\/v2\/types\/post"}],"author":[{"embeddable":true,"href":"https:\/\/sacramentoqr.com\/index.php?rest_route=\/wp\/v2\/users\/1"}],"replies":[{"embeddable":true,"href":"https:\/\/sacramentoqr.com\/index.php?rest_route=%2Fwp%2Fv2%2Fcomments&post=21795"}],"version-history":[{"count":1,"href":"https:\/\/sacramentoqr.com\/index.php?rest_route=\/wp\/v2\/posts\/21795\/revisions"}],"predecessor-version":[{"id":21796,"href":"https:\/\/sacramentoqr.com\/index.php?rest_route=\/wp\/v2\/posts\/21795\/revisions\/21796"}],"wp:featuredmedia":[{"embeddable":true,"href":"https:\/\/sacramentoqr.com\/index.php?rest_route=\/wp\/v2\/media\/21797"}],"wp:attachment":[{"href":"https:\/\/sacramentoqr.com\/index.php?rest_route=%2Fwp%2Fv2%2Fmedia&parent=21795"}],"wp:term":[{"taxonomy":"category","embeddable":true,"href":"https:\/\/sacramentoqr.com\/index.php?rest_route=%2Fwp%2Fv2%2Fcategories&post=21795"},{"taxonomy":"post_tag","embeddable":true,"href":"https:\/\/sacramentoqr.com\/index.php?rest_route=%2Fwp%2Fv2%2Ftags&post=21795"}],"curies":[{"name":"wp","href":"https:\/\/api.w.org\/{rel}","templated":true}]}}