{"id":21804,"date":"2024-03-09T11:21:32","date_gmt":"2024-03-09T16:21:32","guid":{"rendered":"https:\/\/sacramentoqr.com\/?p=21804"},"modified":"2024-03-09T16:21:33","modified_gmt":"2024-03-09T16:21:33","slug":"toto-wolff-lamentaria-que-helmut-marko-saliera-de-red-bull","status":"publish","type":"post","link":"https:\/\/sacramentoqr.com\/?p=21804","title":{"rendered":"Toto Wolff lamentar\u00eda que Helmut Marko saliera de Red Bull"},"content":{"rendered":"<p>En la F\u00f3rmula 1 no quieren perder a Helmut Marko. O al menos el director de Mercedes, Toto Wolff, no quiere que el austriaco deje su participaci\u00f3n, tanto por su aporte al automovilismo como por sus \u00abbatallas\u00bb fuera de la pista, como parte de la rivalidad entre Red Bull y los de Brackley.<\/p>\n<p>En el marco del Gran Premio de Arabia Saudita, el director de las Flechas plateadas declar\u00f3 al medio austriaco ORF que s\u00ed lamentar\u00eda si Marko se marchara del equipo de Milton Keynes. \u00abSi el equipo pierde a Helmut, ser\u00eda sin duda una p\u00e9rdida para Red Bull y para el equipo\u00bb.<\/p>\n<p>\u00abHelmut era -o es- nuestro enemigo favorito, pero es un piloto de verdad\u00bb, se\u00f1al\u00f3 Wolff, quien tambi\u00e9n habl\u00f3 sobre la posibilidad de que Max Verstappen ocupe el lugar que Lewis Hamilton dejar\u00e1 libre en Mercerdes a partir de 2025.<\/p>\n<p>\u00abTenemos un asiento disponible, en 2025 y 2026, pero Max pilotar\u00e1 donde haya el coche m\u00e1s r\u00e1pido, y a d\u00eda de hoy ese es el Red Bull. Llevamos hablando diez a\u00f1os, desde que lleg\u00f3 a la F\u00f3rmula 1. Tengo una buena relaci\u00f3n con Jos [padre de Verstappen] y tambi\u00e9n con Max. Pero eso no significa que se ver\u00eda un cambio en el lado profesional a corto plazo\u00bb, finaliz\u00f3.<\/p>\n<p>Las declaraciones de Toto vienen luego de que el propio Marko reconoci\u00f3 que estaba bajo investigaci\u00f3n por, supuestamente, filtrar informaci\u00f3n confidencial a los medios de comunicaci\u00f3n. Por esto, el asesor de Red Bull podr\u00eda ausentarse del Gran Premio de Australia, como \u00e9l mismo reconoci\u00f3 ante el medio ORF.<\/p>\n<p>\u00abLo dir\u00e9 as\u00ed, es dif\u00edcil de juzgar, o dig\u00e1moslo as\u00ed, en \u00faltima instancia, yo decidir\u00e9 por m\u00ed mismo lo que hago. La posibilidad te\u00f3rica siempre existe. Creo que es un tema muy complejo. De nuevo, queremos paz en el equipo. Este campeonato del mundo ser\u00e1 bastante dif\u00edcil con 24 carreras y tenemos que concentrarnos en eso\u00bb, y asegur\u00f3 que la investigaci\u00f3n es interna, \u00abpero quieren una declaraci\u00f3n clara sobre lo que realmente sucedi\u00f3\u00bb.<\/p>\n","protected":false},"excerpt":{"rendered":"<p>En la F\u00f3rmula 1 no quieren perder a Helmut Marko. O al menos el director&#8230;<\/p>\n","protected":false},"author":1,"featured_media":21806,"comment_status":"open","ping_status":"closed","sticky":false,"template":"","format":"standard","meta":{"footnotes":""},"categories":[3],"tags":[],"class_list":["post-21804","post","type-post","status-publish","format-standard","has-post-thumbnail","hentry","category-deportes"],"_links":{"self":[{"href":"https:\/\/sacramentoqr.com\/index.php?rest_route=\/wp\/v2\/posts\/21804","targetHints":{"allow":["GET"]}}],"collection":[{"href":"https:\/\/sacramentoqr.com\/index.php?rest_route=\/wp\/v2\/posts"}],"about":[{"href":"https:\/\/sacramentoqr.com\/index.php?rest_route=\/wp\/v2\/types\/post"}],"author":[{"embeddable":true,"href":"https:\/\/sacramentoqr.com\/index.php?rest_route=\/wp\/v2\/users\/1"}],"replies":[{"embeddable":true,"href":"https:\/\/sacramentoqr.com\/index.php?rest_route=%2Fwp%2Fv2%2Fcomments&post=21804"}],"version-history":[{"count":1,"href":"https:\/\/sacramentoqr.com\/index.php?rest_route=\/wp\/v2\/posts\/21804\/revisions"}],"predecessor-version":[{"id":21805,"href":"https:\/\/sacramentoqr.com\/index.php?rest_route=\/wp\/v2\/posts\/21804\/revisions\/21805"}],"wp:featuredmedia":[{"embeddable":true,"href":"https:\/\/sacramentoqr.com\/index.php?rest_route=\/wp\/v2\/media\/21806"}],"wp:attachment":[{"href":"https:\/\/sacramentoqr.com\/index.php?rest_route=%2Fwp%2Fv2%2Fmedia&parent=21804"}],"wp:term":[{"taxonomy":"category","embeddable":true,"href":"https:\/\/sacramentoqr.com\/index.php?rest_route=%2Fwp%2Fv2%2Fcategories&post=21804"},{"taxonomy":"post_tag","embeddable":true,"href":"https:\/\/sacramentoqr.com\/index.php?rest_route=%2Fwp%2Fv2%2Ftags&post=21804"}],"curies":[{"name":"wp","href":"https:\/\/api.w.org\/{rel}","templated":true}]}}