{"id":21822,"date":"2024-03-10T12:11:21","date_gmt":"2024-03-10T17:11:21","guid":{"rendered":"https:\/\/sacramentoqr.com\/?p=21822"},"modified":"2024-03-10T17:11:23","modified_gmt":"2024-03-10T17:11:23","slug":"iglesia-exhorta-a-los-candidatos-presidenciales-a-tomar-un-compromiso-serio-por-la-paz-en-mexico","status":"publish","type":"post","link":"https:\/\/sacramentoqr.com\/?p=21822","title":{"rendered":"Iglesia exhorta a los candidatos presidenciales a tomar un compromiso serio por la paz en M\u00e9xico"},"content":{"rendered":"<p>La iglesia cat\u00f3lica exhort\u00f3 a las candidatas presidenciales Claudia Sheinbaum, X\u00f3chitl G\u00e1lvez y el candidato Jorge \u00c1lvarez M\u00e1ynez, a asumir un compromiso serio al mantener la paz en M\u00e9xico, m\u00e1s all\u00e1 de las diferencias pol\u00edticas.<\/p>\n<p>\u201cA unas horas de que los tres candidatos acudan a firmar este lunes el Compromiso Nacional por La Paz, la invitaci\u00f3n que hacemos es a tomarse en serio este compromiso y a trabajar juntos por la paz m\u00e1s all\u00e1 de cualquier diferencia pol\u00edtica\u201d, pidi\u00f3.<\/p>\n<p>Agreg\u00f3 \u201cla paz no puede ser un mero eslogan de campa\u00f1a, sino un objetivo prioritario que gu\u00ede estrategias, acciones y decisiones, un objetivo que adem\u00e1s nos llama a todos los que conformamos la sociedad y que no queda \u00fanicamente como un deber pol\u00edtico\u201d.<\/p>\n<p>El clero dijo que, firmar acuerdos de paz y trabajar por su cumplimiento no solo es una necesidad urgente, sino tambi\u00e9n un deber moral y un imperativo social de los tres candidatos presidenciales.<\/p>\n<p>La editorial Desde la Fe asegur\u00f3 que la violencia que atraviesa el pa\u00eds tiene consecuencias para las comunidades, rompiendo el tejido social, sembrando miedo, desconfianza, privando a las personas de su dignidad y su derecho fundamental a vivir en paz.<\/p>\n<p>\u201cInvitamos a los candidatos a que reconozcan la gravedad de esta situaci\u00f3n y asuman de una manera responsable la b\u00fasqueda de soluciones efectivas y duraderas, dando prioridad al di\u00e1logo y a la escucha, principalmente de los m\u00e1s vulnerables\u201d, expres\u00f3.<\/p>\n<p>Dicha instituci\u00f3n religiosa enfatiz\u00f3 que las candidatas y el candidato a la Presidencia tienen la oportunidad de marcar la diferencia \u201cdejar un legado positivo para las futuras generaciones al sumarse y firmar el Compromiso Nacional por la paz, no como un acto simb\u00f3lico, sino como un compromiso serio y tangible con el bienestar de nuestro pa\u00eds\u201d.<\/p>\n","protected":false},"excerpt":{"rendered":"<p>La iglesia cat\u00f3lica exhort\u00f3 a las candidatas presidenciales Claudia Sheinbaum, X\u00f3chitl G\u00e1lvez y el candidato&#8230;<\/p>\n","protected":false},"author":1,"featured_media":21824,"comment_status":"open","ping_status":"closed","sticky":false,"template":"","format":"standard","meta":{"footnotes":""},"categories":[7],"tags":[],"class_list":["post-21822","post","type-post","status-publish","format-standard","has-post-thumbnail","hentry","category-nacional"],"_links":{"self":[{"href":"https:\/\/sacramentoqr.com\/index.php?rest_route=\/wp\/v2\/posts\/21822","targetHints":{"allow":["GET"]}}],"collection":[{"href":"https:\/\/sacramentoqr.com\/index.php?rest_route=\/wp\/v2\/posts"}],"about":[{"href":"https:\/\/sacramentoqr.com\/index.php?rest_route=\/wp\/v2\/types\/post"}],"author":[{"embeddable":true,"href":"https:\/\/sacramentoqr.com\/index.php?rest_route=\/wp\/v2\/users\/1"}],"replies":[{"embeddable":true,"href":"https:\/\/sacramentoqr.com\/index.php?rest_route=%2Fwp%2Fv2%2Fcomments&post=21822"}],"version-history":[{"count":1,"href":"https:\/\/sacramentoqr.com\/index.php?rest_route=\/wp\/v2\/posts\/21822\/revisions"}],"predecessor-version":[{"id":21823,"href":"https:\/\/sacramentoqr.com\/index.php?rest_route=\/wp\/v2\/posts\/21822\/revisions\/21823"}],"wp:featuredmedia":[{"embeddable":true,"href":"https:\/\/sacramentoqr.com\/index.php?rest_route=\/wp\/v2\/media\/21824"}],"wp:attachment":[{"href":"https:\/\/sacramentoqr.com\/index.php?rest_route=%2Fwp%2Fv2%2Fmedia&parent=21822"}],"wp:term":[{"taxonomy":"category","embeddable":true,"href":"https:\/\/sacramentoqr.com\/index.php?rest_route=%2Fwp%2Fv2%2Fcategories&post=21822"},{"taxonomy":"post_tag","embeddable":true,"href":"https:\/\/sacramentoqr.com\/index.php?rest_route=%2Fwp%2Fv2%2Ftags&post=21822"}],"curies":[{"name":"wp","href":"https:\/\/api.w.org\/{rel}","templated":true}]}}