{"id":21831,"date":"2024-03-11T11:46:50","date_gmt":"2024-03-11T16:46:50","guid":{"rendered":"https:\/\/sacramentoqr.com\/?p=21831"},"modified":"2024-03-11T16:46:51","modified_gmt":"2024-03-11T16:46:51","slug":"kate-middleton-hace-inesperada-confesion-sobre-edicion-su-ultima-fotografia","status":"publish","type":"post","link":"https:\/\/sacramentoqr.com\/?p=21831","title":{"rendered":"Kate Middleton hace inesperada confesi\u00f3n sobre edici\u00f3n su \u00faltima fotograf\u00eda"},"content":{"rendered":"<p>Este domingo 10 de marzo, en muchas partes del mundo se celebr\u00f3 el D\u00eda de las Madres, por lo que Kate Middleton, quien hab\u00eda estado \u2018desaparecida\u2019 de las redes sociales desde hace poco m\u00e1s de un mes, cuando la Casa Real Brit\u00e1nica dio a conocer que hab\u00eda tenido que ser operada por una molestia abdominal de la que no se dieron m\u00e1s detalles, eligi\u00f3 esta fecha para reaparecer y compartir un mensaje con sus seguidores.<\/p>\n<p>Con lo que no contaba la princesa de gales era con la gran observaci\u00f3n que tienen sus followers, pues en menos de dos horas, el retrato de la esposa del pr\u00edncipe William desat\u00f3 una ola de memes, respuestas y se\u00f1alamientos por los presuntos errores de edici\u00f3n que se encontraban en la imagen.<\/p>\n<p>Al menos cinco \u2018detalles\u2019 fueron se\u00f1alados por los usuarios, dentro de los que se encuentran: Edici\u00f3n en la mano de la princesa Charlotte, Kate no usaba su anillo de casada, y el cabello de la propia Kate se encontraba visiblemente alterado. Los errores fueron tan evidentes que algunas agencias optaron por eliminar la publicaci\u00f3n que hab\u00edan hecho de la imagen.<\/p>\n<p>\u201cLa Associated Press public\u00f3 inicialmente la foto, que fue publicada por el Palacio de Kensington. La AP luego retract\u00f3 la imagen porque, tras una inspecci\u00f3n m\u00e1s cercana, Parece que la fuente hab\u00eda manipulado la imagen de una manera que no cumpl\u00eda con los est\u00e1ndares fotogr\u00e1ficos de AP\u201d, dijo la portavoz de AP Nicole Meir. en una declaraci\u00f3n enviada por correo electr\u00f3nico. \u201cLa foto muestra una inconsistencia en la alineaci\u00f3n de la mano izquierda de la princesa Charlotte\u201d.<\/p>\n<p>Como podr\u00eda imaginarse, lo anterior s\u00f3lo aliment\u00f3 las teor\u00edas que han surgido entorno a Kate y su presunta desaparici\u00f3n, por lo que un inesperado tuit hizo frente a las cr\u00edticas y Kate Middleton admiti\u00f3 que ella misma alter\u00f3 la imagen, pues recordemos que la esposa del pr\u00edncipe William es una aficionada a la fotograf\u00eda y en muchas ocasiones, ella se ha hecho cargo de las im\u00e1genes oficiales de la familia.<\/p>\n<p>\u00abComo muchos fot\u00f3grafos aficionados, ocasionalmente experimento con la edici\u00f3n. Quer\u00eda expresar mis disculpas por cualquier confusi\u00f3n que pudiera haber causado la fotograf\u00eda familiar que compartimos ayer\u00bb, se puede leer en la cuenta oficial de los pr\u00edncipes de Gales.<\/p>\n<p>Nuevamente, los Windsor est\u00e1n en el ojo del hurac\u00e1n porque este misterioso mensaje, alimenta nuevamente los rumores sobre un presunto mal estado de Kate que estar\u00eda siendo ocultado a la luz p\u00fablica.<\/p>\n<p>Hace una semana, la princesa fue captada rumbo a una revisi\u00f3n m\u00e9dica, en compa\u00f1\u00eda de su mam\u00e1, dentro de un auto.<\/p>\n","protected":false},"excerpt":{"rendered":"<p>Este domingo 10 de marzo, en muchas partes del mundo se celebr\u00f3 el D\u00eda de&#8230;<\/p>\n","protected":false},"author":1,"featured_media":21833,"comment_status":"open","ping_status":"closed","sticky":false,"template":"","format":"standard","meta":{"footnotes":""},"categories":[4],"tags":[],"class_list":["post-21831","post","type-post","status-publish","format-standard","has-post-thumbnail","hentry","category-espectaculos"],"_links":{"self":[{"href":"https:\/\/sacramentoqr.com\/index.php?rest_route=\/wp\/v2\/posts\/21831","targetHints":{"allow":["GET"]}}],"collection":[{"href":"https:\/\/sacramentoqr.com\/index.php?rest_route=\/wp\/v2\/posts"}],"about":[{"href":"https:\/\/sacramentoqr.com\/index.php?rest_route=\/wp\/v2\/types\/post"}],"author":[{"embeddable":true,"href":"https:\/\/sacramentoqr.com\/index.php?rest_route=\/wp\/v2\/users\/1"}],"replies":[{"embeddable":true,"href":"https:\/\/sacramentoqr.com\/index.php?rest_route=%2Fwp%2Fv2%2Fcomments&post=21831"}],"version-history":[{"count":1,"href":"https:\/\/sacramentoqr.com\/index.php?rest_route=\/wp\/v2\/posts\/21831\/revisions"}],"predecessor-version":[{"id":21832,"href":"https:\/\/sacramentoqr.com\/index.php?rest_route=\/wp\/v2\/posts\/21831\/revisions\/21832"}],"wp:featuredmedia":[{"embeddable":true,"href":"https:\/\/sacramentoqr.com\/index.php?rest_route=\/wp\/v2\/media\/21833"}],"wp:attachment":[{"href":"https:\/\/sacramentoqr.com\/index.php?rest_route=%2Fwp%2Fv2%2Fmedia&parent=21831"}],"wp:term":[{"taxonomy":"category","embeddable":true,"href":"https:\/\/sacramentoqr.com\/index.php?rest_route=%2Fwp%2Fv2%2Fcategories&post=21831"},{"taxonomy":"post_tag","embeddable":true,"href":"https:\/\/sacramentoqr.com\/index.php?rest_route=%2Fwp%2Fv2%2Ftags&post=21831"}],"curies":[{"name":"wp","href":"https:\/\/api.w.org\/{rel}","templated":true}]}}