{"id":21864,"date":"2024-03-13T11:51:27","date_gmt":"2024-03-13T16:51:27","guid":{"rendered":"https:\/\/sacramentoqr.com\/?p=21864"},"modified":"2024-03-13T16:51:29","modified_gmt":"2024-03-13T16:51:29","slug":"marc-anthony-y-nadia-ferreira-revelan-el-rostro-de-su-bebe","status":"publish","type":"post","link":"https:\/\/sacramentoqr.com\/?p=21864","title":{"rendered":"Marc Anthony y Nadia Ferreira revelan el rostro de su beb\u00e9"},"content":{"rendered":"<p>Fue en junio del 2023 cuando Marc Anthony y Nadia Ferreira se convirtieron en padres y le dieron la bienvenida a su beb\u00e9, el s\u00e9ptimo hijo del cantante y el primero para la exparticipante de Miss Universo.<\/p>\n<p>Durante estos meses la pareja hab\u00eda mantenida oculta la identidad de su hijo y pocos detalles se sab\u00edan del beb\u00e9, del que se presume tiene el mismo nombre de su padre, esto despu\u00e9s de que Nadia Ferreira en una fotograf\u00eda colocara las iniciales MC Jr, lo cual indica que se llama igual que el cantante.<\/p>\n<p>Marc Anthony y Nadia Ferreira revelan el rostro de su hijo<br \/>\nA nueve meses del nacimiento del beb\u00e9, Nadia Ferreira fue la encargada de publicar una tierna foto de su primog\u00e9nito, en la que por primera vez dej\u00f3 ver el rostro del peque\u00f1o, quien sin duda tiene un gran parecido a su mam\u00e1.<\/p>\n<p>\u201cFelices 9 meses mi todo. Mami y papi te aman\u201d, escribi\u00f3 la modelo.<\/p>\n<p>La foto de inmediato recibi\u00f3 miles de likes y cientos de comentarios en donde los seguidores de la modelo y el cantante llenaron de elogios al beb\u00e9.<\/p>\n<p>Adem\u00e1s, mencionaron que era una de las fotos m\u00e1s esperadas, ya que muchos creyeron que la pareja nunca mostrar\u00eda el rostro de su hijo.<\/p>\n<p>\u201cQu\u00e9 bello. Tiene unos padres maravillosos\u201d, \u201cLa foto m\u00e1s esperada\u201d, \u201cEl beb\u00e9 de la m\u00e1s hermosa del mundo\u201d, \u201cSab\u00eda que este beb\u00e9 ser\u00eda precioso y con los ojos azules de su mam\u00e1\u201d, \u201cPrecioso\u201d, \u201cParece un beb\u00e9 modelo\u201d, \u201cEl beb\u00e9 m\u00e1s hermoso\u201d, \u201cQu\u00e9 hermoso pr\u00edncipe\u201d.<\/p>\n<p>El 18 de junio del 2023, d\u00edas despu\u00e9s del nacimiento de su beb\u00e9, Marc Anthony comparti\u00f3 que se hab\u00eda convertido en padre por s\u00e9ptima ocasi\u00f3n.<\/p>\n<p>Hasta ese momento, la pareja mantuvo en secreto el sexo de su beb\u00e9, ya que solamente publicaron una foto en blanco y negro en donde el cantante estaba cargando a su hijo.<\/p>\n<p>En enero de ese a\u00f1o Nadia Ferreira y Marc Anthony se casaron y a pocas semanas de haberse dado el s\u00ed en el altar, la pareja anunci\u00f3 que estaban esperando a su primer hijo en com\u00fan tras los rumores que surgieron de un embarazo de la modelo.<\/p>\n<p>Los hijos de Marc Anthony<br \/>\nMarc Anthony debut\u00f3 como pap\u00e1 en 1994 tras el nacimiento de su hija Arianna, fruto de su relaci\u00f3n con Debbie Rosado.<\/p>\n<p>Durante su relaci\u00f3n con Debbie, Marc Anthony le dio su apellido al hijo de su pareja, Alex, a quien llaman cari\u00f1osamente Chase. Al igual que la primog\u00e9nita del cantante, Chase prefiere estar alejado de los reflectores.<\/p>\n<p>Tras casarse en el 2000 con Dayanara Torres, Marc Anthony le dio la bienvenida a sus hijos Cristian y Ryan.<\/p>\n<p>En el 2008 Marc Anthony de nuevo se convirti\u00f3 en padre, en esta ocasi\u00f3n al lado de JLo, ya que nacieron sus gemelos Emme Maribel y Maximilian David.<\/p>\n<p>Finalmente, el 12 de junio el famoso se convirti\u00f3 por s\u00e9ptima vez en padre junto a Nadia Ferreira.<\/p>\n","protected":false},"excerpt":{"rendered":"<p>Fue en junio del 2023 cuando Marc Anthony y Nadia Ferreira se convirtieron en padres&#8230;<\/p>\n","protected":false},"author":1,"featured_media":21866,"comment_status":"open","ping_status":"closed","sticky":false,"template":"","format":"standard","meta":{"footnotes":""},"categories":[4],"tags":[],"class_list":["post-21864","post","type-post","status-publish","format-standard","has-post-thumbnail","hentry","category-espectaculos"],"_links":{"self":[{"href":"https:\/\/sacramentoqr.com\/index.php?rest_route=\/wp\/v2\/posts\/21864","targetHints":{"allow":["GET"]}}],"collection":[{"href":"https:\/\/sacramentoqr.com\/index.php?rest_route=\/wp\/v2\/posts"}],"about":[{"href":"https:\/\/sacramentoqr.com\/index.php?rest_route=\/wp\/v2\/types\/post"}],"author":[{"embeddable":true,"href":"https:\/\/sacramentoqr.com\/index.php?rest_route=\/wp\/v2\/users\/1"}],"replies":[{"embeddable":true,"href":"https:\/\/sacramentoqr.com\/index.php?rest_route=%2Fwp%2Fv2%2Fcomments&post=21864"}],"version-history":[{"count":1,"href":"https:\/\/sacramentoqr.com\/index.php?rest_route=\/wp\/v2\/posts\/21864\/revisions"}],"predecessor-version":[{"id":21865,"href":"https:\/\/sacramentoqr.com\/index.php?rest_route=\/wp\/v2\/posts\/21864\/revisions\/21865"}],"wp:featuredmedia":[{"embeddable":true,"href":"https:\/\/sacramentoqr.com\/index.php?rest_route=\/wp\/v2\/media\/21866"}],"wp:attachment":[{"href":"https:\/\/sacramentoqr.com\/index.php?rest_route=%2Fwp%2Fv2%2Fmedia&parent=21864"}],"wp:term":[{"taxonomy":"category","embeddable":true,"href":"https:\/\/sacramentoqr.com\/index.php?rest_route=%2Fwp%2Fv2%2Fcategories&post=21864"},{"taxonomy":"post_tag","embeddable":true,"href":"https:\/\/sacramentoqr.com\/index.php?rest_route=%2Fwp%2Fv2%2Ftags&post=21864"}],"curies":[{"name":"wp","href":"https:\/\/api.w.org\/{rel}","templated":true}]}}