{"id":21903,"date":"2024-03-16T08:30:07","date_gmt":"2024-03-16T13:30:07","guid":{"rendered":"https:\/\/sacramentoqr.com\/?p=21903"},"modified":"2024-03-16T13:35:59","modified_gmt":"2024-03-16T13:35:59","slug":"mexico-encabeza-el-mosaico-cinematografico-del-festival-cinelatino-de-toulouse","status":"publish","type":"post","link":"https:\/\/sacramentoqr.com\/?p=21903","title":{"rendered":"M\u00e9xico encabeza el mosaico cinematogr\u00e1fico del Festival Cin\u00e9latino de Toulouse"},"content":{"rendered":"<p>El cine mexicano ser\u00e1 uno de los puntos fuertes de la 36 edici\u00f3n del Festival Cin\u00e9latino de Toulouse, que contar\u00e1 con la presencia de la actriz Teresa S\u00e1nchez como invitada de honor y rendir\u00e1 homenaje al director Fernando M\u00e9ndez.<\/p>\n<p>Desde el arranque del certamen, con la proyecci\u00f3n de \u2018Mis hermanos\u2019 de la chilena Claudia Huaquimilla, se podr\u00e1 disfrutar de 35 pel\u00edculas hasta el pr\u00f3ximo 24 de marzo en distintas estancias de esta ciudad del sur de Francia.<\/p>\n<p>A trav\u00e9s de sus tres competiciones, largometraje de ficci\u00f3n, largometraje documental y cortometraje, el festival asume \u201cel reto de los contrastes\u201d, reuniendo una variada obra que va desde el g\u00f3tico mexicano hasta experimentos cinematogr\u00e1ficos contempor\u00e1neos y el cine de testimonios.<\/p>\n<p>El cine cubano recibir\u00e1 tambi\u00e9n una atenci\u00f3n particular con \u2018Hola, cubanos\/as\u2019, que mostrar\u00e1 filmes de Ernesto Daranas y Daniela Mu\u00f1oz Barroso, entre otros, junto con un programa de cortometrajes de la d\u00e9cada de 1960 de Nicol\u00e1s Guill\u00e9n Landri\u00e1n, bautizado como el \u201ccineasta visionario\u201d.<\/p>\n<p>Adem\u00e1s de cuatro pel\u00edculas en la secci\u00f3n oficial, el cine mexicano contar\u00e1 con la secci\u00f3n \u2018Horror.mx\u2018, dedicada a la fantasmagor\u00eda y el folclore de este pa\u00eds, donde rescatar\u00e1n pel\u00edculas de Fernando M\u00e9ndez de la d\u00e9cada de los 50.<\/p>\n<p>Teresa S\u00e1nchez asistir\u00e1 como invitada de honor de un certamen que en su pasada edici\u00f3n premi\u00f3 con el galard\u00f3n del p\u00fablico a la pel\u00edcula \u2018T\u00f3tem\u2018, en la que ella tiene un papel destacado.<\/p>\n<p>Brasil participa en la producci\u00f3n de otras cuatro de las pel\u00edculas a concurso, seguido de cerca por las tres de Chile y por las dos de Colombia y Argentina.<\/p>\n<p>El papel de las coproducciones<br \/>\nEsas cifras de representaci\u00f3n son posibles gracias al papel de las coproducciones intracontinentales entre las que se encuentra \u2018Aullido de Invierno\u2019 (Chile, Colombia, Argentina), en la que el chileno Mat\u00edas Rojas Valencia se adentra en un enclave sectario que acogi\u00f3 a ni\u00f1os ind\u00edgenas.<\/p>\n<p>Asimismo, hay coproducciones intercontinentales como \u2018Memorias de un cuerpo que arde\u2019 (Costa Rica, Espa\u00f1a), el relato sobre la ruptura de tab\u00fas en torno a la sexualidad de mujeres de m\u00e1s de 60 a\u00f1os, de Antonella Sudasassi Furniss, que estuvo nominado en Espa\u00f1a al Goya de Mejor Pel\u00edcula Iberoamericana y gan\u00f3 el premio del p\u00fablico de la Berlinale.<\/p>\n<p>En \u2018Sujo\u2018 (M\u00e9xico, EE.UU., Francia), Astrid Rondero y Fernanda Valadez ahondaron en el impacto de la violencia del narcotr\u00e1fico sobre la juventud.<\/p>\n<p>Entre los siete largometrajes documentales que compiten, se incorporan otros pa\u00edses como Uruguay, con \u2018Volver a la luz\u2019, de Marco Bentancor, quien explora el d\u00eda a d\u00eda de una pareja con discapacidad visual, y la Rep\u00fablica Dominicana con \u2018Ramona\u2019, donde Victoria Linares Villegas se sumerje en la vida de adolescentes embarazadas.<\/p>\n<p>En la secci\u00f3n de cortometrajes compiten seis documentales, entre los que aparecen el colombiano \u2018Avalancha\u2019, de Daniel Cort\u00e9s, y el venezolano \u2018Figura Abstracta Humana\u2019, de Gabriela Codallo.<\/p>\n<p>Dentro de la misma secci\u00f3n se encuentran t\u00edtulos de ficci\u00f3n como \u2018Sola no\u2019, de la espa\u00f1ola Doriam Alonso, y \u2018La ciudad que ocupamos\u2019, del guatemalteco Joaqu\u00edn Ruano.<\/p>\n<p>La programaci\u00f3n ofrece coloquios con los cineastas, encuentros literarios, talleres y conciertos.<\/p>\n<p>La entrega de premios ser\u00e1 el s\u00e1bado 23 de marzo, cuando se dar\u00e1 a conocer el veredicto del gran jurado integrado por el director cubano Ernesto Daranas, el compositor franc\u00e9s Harry Allouche y la responsable de proyectos de Arte Cin\u00e9ma de Francia, Julie Savary, pero tambi\u00e9n el del p\u00fablico, los estudiantes, Cin\u00e9+ y diversos sindicatos.<\/p>\n<p>Desde su creaci\u00f3n en 1988, el festival Cin\u00e9latino se ha consolidado como punto de encuentro entre profesionales del sector cinematogr\u00e1fico que buscan acercarse al trabajo de los artistas latinoamericanos.<\/p>\n<p>&nbsp;<\/p>\n","protected":false},"excerpt":{"rendered":"<p>El cine mexicano ser\u00e1 uno de los puntos fuertes de la 36 edici\u00f3n del Festival&#8230;<\/p>\n","protected":false},"author":1,"featured_media":21906,"comment_status":"open","ping_status":"closed","sticky":false,"template":"","format":"standard","meta":{"footnotes":""},"categories":[4],"tags":[],"class_list":["post-21903","post","type-post","status-publish","format-standard","has-post-thumbnail","hentry","category-espectaculos"],"_links":{"self":[{"href":"https:\/\/sacramentoqr.com\/index.php?rest_route=\/wp\/v2\/posts\/21903","targetHints":{"allow":["GET"]}}],"collection":[{"href":"https:\/\/sacramentoqr.com\/index.php?rest_route=\/wp\/v2\/posts"}],"about":[{"href":"https:\/\/sacramentoqr.com\/index.php?rest_route=\/wp\/v2\/types\/post"}],"author":[{"embeddable":true,"href":"https:\/\/sacramentoqr.com\/index.php?rest_route=\/wp\/v2\/users\/1"}],"replies":[{"embeddable":true,"href":"https:\/\/sacramentoqr.com\/index.php?rest_route=%2Fwp%2Fv2%2Fcomments&post=21903"}],"version-history":[{"count":1,"href":"https:\/\/sacramentoqr.com\/index.php?rest_route=\/wp\/v2\/posts\/21903\/revisions"}],"predecessor-version":[{"id":21904,"href":"https:\/\/sacramentoqr.com\/index.php?rest_route=\/wp\/v2\/posts\/21903\/revisions\/21904"}],"wp:featuredmedia":[{"embeddable":true,"href":"https:\/\/sacramentoqr.com\/index.php?rest_route=\/wp\/v2\/media\/21906"}],"wp:attachment":[{"href":"https:\/\/sacramentoqr.com\/index.php?rest_route=%2Fwp%2Fv2%2Fmedia&parent=21903"}],"wp:term":[{"taxonomy":"category","embeddable":true,"href":"https:\/\/sacramentoqr.com\/index.php?rest_route=%2Fwp%2Fv2%2Fcategories&post=21903"},{"taxonomy":"post_tag","embeddable":true,"href":"https:\/\/sacramentoqr.com\/index.php?rest_route=%2Fwp%2Fv2%2Ftags&post=21903"}],"curies":[{"name":"wp","href":"https:\/\/api.w.org\/{rel}","templated":true}]}}