{"id":21919,"date":"2024-03-17T11:46:16","date_gmt":"2024-03-17T16:46:16","guid":{"rendered":"https:\/\/sacramentoqr.com\/?p=21919"},"modified":"2024-03-17T16:46:18","modified_gmt":"2024-03-17T16:46:18","slug":"denisse-guerrero-se-sincera-y-recuerda-que-belanova-no-se-despidio-porque-no-hubo-tiempo","status":"publish","type":"post","link":"https:\/\/sacramentoqr.com\/?p=21919","title":{"rendered":"Denisse Guerrero se sincera y recuerda que Belanova no se despidi\u00f3 porque &#8216;no hubo tiempo&#8217;"},"content":{"rendered":"<p>Anoche, Belanova regres\u00f3 a los escenarios tras seis a\u00f1os de ausencia y lo hizo por la puerta grande al presentarse en el Vive Latino, en donde miles de fans ya esperaban con ansias a la banda que alcanz\u00f3 la fama a inicios de los 2000 con canciones como \u201cRosa Pastel\u201d y \u201cTus ojos\u201d.<\/p>\n<p>Momentos antes de subir al escenario, Denisse Guerrero, \u00c9dgar Huerta y Ricardo Arreola, ofrecieron una conferencia de prensa en donde la vocalista explic\u00f3 que pas\u00f3 durante su ausencia que provoc\u00f3 miles de especulaciones entre los fans que se preguntaban que hab\u00eda pasado con ellos.<\/p>\n<p>Fue entonces que Denisse se sincer\u00f3 y record\u00f3 que Belanova no se despidi\u00f3 de su p\u00fablico, porque ni siquiera hubo tiempo para hacerlo, pues comenzaron a pasar muchas cosas que afectaron a la banda, principalmente a su vocalista quien pas\u00f3 por cosas muy dif\u00edciles.<\/p>\n<p>\u201cPas\u00e9 por una depresi\u00f3n, mi padre estaba enfermo, me pasaron muchas cosas, la vida no la planeas, cuando te entregas y eres honesto, la vida te puede ense\u00f1ar, esos momentos dif\u00edciles fueron un maestro, ahora ya estoy bien, ahora la tormenta ya pas\u00f3 y ya estoy bien, toca disfrutar, esas cosas pasan y ya, no hay un plan\u201d, dijo Denisse momentos antes de subir al escenario.<\/p>\n<p>Denisse reconoci\u00f3 que tras seis a\u00f1os de no subir al escenario los nervios se hicieron presentes e incluso esas sensaciones son m\u00e1s intensas en esta ocasi\u00f3n en la que Belanova regresa con todo.<\/p>\n<p>\u201cLista o no lleg\u00f3 el d\u00eda, el d\u00eda que dejes de sentir nervios o temor te tienes que retirar, estamos con la expectativa de saber que es lo que va pasar en un par de horas\u201d, dijo la cantante.<\/p>\n<p>En tanto, Edgar Huerta, tecladista de Belanova tambi\u00e9n dijo que tras seis a\u00f1os sin tocar no esperaban que todo saliera bien, sino simplemente salir, volver a conectar con su p\u00fablico y vivir el momento.<\/p>\n","protected":false},"excerpt":{"rendered":"<p>Anoche, Belanova regres\u00f3 a los escenarios tras seis a\u00f1os de ausencia y lo hizo por&#8230;<\/p>\n","protected":false},"author":1,"featured_media":21921,"comment_status":"open","ping_status":"closed","sticky":false,"template":"","format":"standard","meta":{"footnotes":""},"categories":[4],"tags":[],"class_list":["post-21919","post","type-post","status-publish","format-standard","has-post-thumbnail","hentry","category-espectaculos"],"_links":{"self":[{"href":"https:\/\/sacramentoqr.com\/index.php?rest_route=\/wp\/v2\/posts\/21919","targetHints":{"allow":["GET"]}}],"collection":[{"href":"https:\/\/sacramentoqr.com\/index.php?rest_route=\/wp\/v2\/posts"}],"about":[{"href":"https:\/\/sacramentoqr.com\/index.php?rest_route=\/wp\/v2\/types\/post"}],"author":[{"embeddable":true,"href":"https:\/\/sacramentoqr.com\/index.php?rest_route=\/wp\/v2\/users\/1"}],"replies":[{"embeddable":true,"href":"https:\/\/sacramentoqr.com\/index.php?rest_route=%2Fwp%2Fv2%2Fcomments&post=21919"}],"version-history":[{"count":1,"href":"https:\/\/sacramentoqr.com\/index.php?rest_route=\/wp\/v2\/posts\/21919\/revisions"}],"predecessor-version":[{"id":21920,"href":"https:\/\/sacramentoqr.com\/index.php?rest_route=\/wp\/v2\/posts\/21919\/revisions\/21920"}],"wp:featuredmedia":[{"embeddable":true,"href":"https:\/\/sacramentoqr.com\/index.php?rest_route=\/wp\/v2\/media\/21921"}],"wp:attachment":[{"href":"https:\/\/sacramentoqr.com\/index.php?rest_route=%2Fwp%2Fv2%2Fmedia&parent=21919"}],"wp:term":[{"taxonomy":"category","embeddable":true,"href":"https:\/\/sacramentoqr.com\/index.php?rest_route=%2Fwp%2Fv2%2Fcategories&post=21919"},{"taxonomy":"post_tag","embeddable":true,"href":"https:\/\/sacramentoqr.com\/index.php?rest_route=%2Fwp%2Fv2%2Ftags&post=21919"}],"curies":[{"name":"wp","href":"https:\/\/api.w.org\/{rel}","templated":true}]}}