{"id":21922,"date":"2024-03-17T12:15:36","date_gmt":"2024-03-17T17:15:36","guid":{"rendered":"https:\/\/sacramentoqr.com\/?p=21922"},"modified":"2024-03-17T17:15:38","modified_gmt":"2024-03-17T17:15:38","slug":"jose-ramon-rivera-parga-toma-protesta-como-director-general-del-aicm-y-de-los-sacm","status":"publish","type":"post","link":"https:\/\/sacramentoqr.com\/?p=21922","title":{"rendered":"Jos\u00e9 Ram\u00f3n Rivera Parga toma protesta como director general del AICM y de los SACM"},"content":{"rendered":"<p>El contralmirante Jos\u00e9 Ram\u00f3n Rivera Parga, tom\u00f3 protesta como director General del Aeropuerto Internacional de la Ciudad de M\u00e9xico y de los Servicios Aeroportuarios tras haber sido designado por el secretario de Marina, Jos\u00e9 Rafael Ojeda, tras \u00f3rdenes del presidente Andr\u00e9s Manuel L\u00f3pez Obrador.<\/p>\n<p>Rivera Parga es ingeniero en Ciencias Aeronavales, piloto aviador de la Heroica Escuela Naval Militar, maestro en Administraci\u00f3n Naval y maestro en Seguridad Nacional por el Centro de Estudios Superiores Navales y maestro en Ciencias en Ingenier\u00eda Aeron\u00e1utica por el Air Force Institute of Technology de Estados Unidos.<\/p>\n<p>\u201cLa toma de protesta se realiz\u00f3 ante el Almirante C\u00e9sar Carlos Preciado Vel\u00e1zquez, Oficial Mayor de la Secretar\u00eda de Marina.<\/p>\n<p>A la ceremonia asistieron el Director General del Grupo Aeroportuario de la Ciudad de M\u00e9xico (GACM), Almirante Juan Jos\u00e9 Padilla Olmos, entre otros funcionarios del AICM.<\/p>\n<p>El cargo de Rivera Parga sustituye al vicealmirante en retiro Carlos Ignacio Vel\u00e1zquez Tiscare\u00f1o, quien desempe\u00f1\u00f3 el cargo desde el 7 de julio de 2022.<\/p>\n","protected":false},"excerpt":{"rendered":"<p>El contralmirante Jos\u00e9 Ram\u00f3n Rivera Parga, tom\u00f3 protesta como director General del Aeropuerto Internacional de&#8230;<\/p>\n","protected":false},"author":1,"featured_media":21924,"comment_status":"open","ping_status":"closed","sticky":false,"template":"","format":"standard","meta":{"footnotes":""},"categories":[7],"tags":[],"class_list":["post-21922","post","type-post","status-publish","format-standard","has-post-thumbnail","hentry","category-nacional"],"_links":{"self":[{"href":"https:\/\/sacramentoqr.com\/index.php?rest_route=\/wp\/v2\/posts\/21922","targetHints":{"allow":["GET"]}}],"collection":[{"href":"https:\/\/sacramentoqr.com\/index.php?rest_route=\/wp\/v2\/posts"}],"about":[{"href":"https:\/\/sacramentoqr.com\/index.php?rest_route=\/wp\/v2\/types\/post"}],"author":[{"embeddable":true,"href":"https:\/\/sacramentoqr.com\/index.php?rest_route=\/wp\/v2\/users\/1"}],"replies":[{"embeddable":true,"href":"https:\/\/sacramentoqr.com\/index.php?rest_route=%2Fwp%2Fv2%2Fcomments&post=21922"}],"version-history":[{"count":1,"href":"https:\/\/sacramentoqr.com\/index.php?rest_route=\/wp\/v2\/posts\/21922\/revisions"}],"predecessor-version":[{"id":21923,"href":"https:\/\/sacramentoqr.com\/index.php?rest_route=\/wp\/v2\/posts\/21922\/revisions\/21923"}],"wp:featuredmedia":[{"embeddable":true,"href":"https:\/\/sacramentoqr.com\/index.php?rest_route=\/wp\/v2\/media\/21924"}],"wp:attachment":[{"href":"https:\/\/sacramentoqr.com\/index.php?rest_route=%2Fwp%2Fv2%2Fmedia&parent=21922"}],"wp:term":[{"taxonomy":"category","embeddable":true,"href":"https:\/\/sacramentoqr.com\/index.php?rest_route=%2Fwp%2Fv2%2Fcategories&post=21922"},{"taxonomy":"post_tag","embeddable":true,"href":"https:\/\/sacramentoqr.com\/index.php?rest_route=%2Fwp%2Fv2%2Ftags&post=21922"}],"curies":[{"name":"wp","href":"https:\/\/api.w.org\/{rel}","templated":true}]}}