{"id":21970,"date":"2024-03-20T10:32:56","date_gmt":"2024-03-20T15:32:56","guid":{"rendered":"https:\/\/sacramentoqr.com\/?p=21970"},"modified":"2024-03-20T15:32:58","modified_gmt":"2024-03-20T15:32:58","slug":"peru-impulsa-el-desarrollo-de-proyectos-de-cooperacion-con-mexico-colombia-y-chile","status":"publish","type":"post","link":"https:\/\/sacramentoqr.com\/?p=21970","title":{"rendered":"Per\u00fa impulsa el desarrollo de proyectos de cooperaci\u00f3n con M\u00e9xico, Colombia y Chile"},"content":{"rendered":"<p>Per\u00fa, como Presidente Pro Tempore de la Alianza del Pac\u00edfico, impuls\u00f3 el desarrollo de un portafolio de proyectos de cooperaci\u00f3n en temas culturales, de g\u00e9nero y de inclusi\u00f3n social, entre otros, con Colombia, Chile y M\u00e9xico, durante el V Foro de Cooperaci\u00f3n del bloque inaugurado en Lima.<\/p>\n<p>El vicecanciller peruano, Ignacio Higueras, declar\u00f3 que su prop\u00f3sito es \u201cpromover un di\u00e1logo din\u00e1mico que permita presentar proyectos concretos, identificar oportunidades de trabajo conjunto y definir el curso de acci\u00f3n para su materializaci\u00f3n\u201d, al inaugurar el foro.<\/p>\n<p>Esta actividad permiti\u00f3 abordar temas de bienestar, desarrollo e inclusi\u00f3n social; igualdad de g\u00e9nero y el empoderamiento de la mujer; industrias creativas y culturales; impulso a las peque\u00f1as y medianas empresas; y gesti\u00f3n sostenible de fertilizantes.<\/p>\n<p>Higueras, citado en un comunicado de la Canciller\u00eda, record\u00f3 que la primera edici\u00f3n del Foro de Cooperaci\u00f3n se llev\u00f3 a cabo en Lima en 2019, pero que hoy, cinco a\u00f1os despu\u00e9s, \u201cen un mundo marcado por desaf\u00edos cada vez m\u00e1s complejos, la cooperaci\u00f3n internacional se erige como un pilar fundamental para alcanzar nuestros objetivos comunes\u201d.<\/p>\n<p>En ese sentido, los proyectos presentados fueron el \u201cPrograma de formaci\u00f3n cultural virtual para fortalecer la etapa de comercializaci\u00f3n de los emprendimientos de los agentes de las industrias culturales y creativas\u201d y la \u201cPlataforma de informaci\u00f3n, orientaci\u00f3n y acompa\u00f1amiento para promover el desarrollo y la inclusi\u00f3n de la poblaci\u00f3n pobre y vulnerable: Infosocial\u201d.<\/p>\n<p>Igualmente, el proyecto sobre la \u201cElaboraci\u00f3n de un manual para facilitar la participaci\u00f3n de mujeres rurales e ind\u00edgenas en mercados internacionales\u201d y la \u201cRevaloraci\u00f3n de conocimientos ancestrales y promoci\u00f3n de nuevas tecnolog\u00edas en el manejo del suelo y fertilizantes para productores de la agricultura familiar en los pa\u00edses de la Alianza del Pac\u00edfico\u201d.<\/p>\n<p>Asimismo, otra iniciativa para \u201cFortalecer las capacidades de las micro, peque\u00f1as y medianas empresas de la Alianza del Pac\u00edfico para facilitar su inserci\u00f3n en el comercio electr\u00f3nico transfronterizo\u201d.<\/p>\n<p>El foro cont\u00f3 con la participaci\u00f3n de la Coordinadora Nacional de Chile, Marcela Otero; el Coordinador Nacional de M\u00e9xico, Gerardo Serrano, y la representante de la Coordinaci\u00f3n Nacional de Colombia, Mar\u00eda Grueso Lugo, adem\u00e1s de delegaciones de los 63 Estados Observadores.<\/p>\n","protected":false},"excerpt":{"rendered":"<p>Per\u00fa, como Presidente Pro Tempore de la Alianza del Pac\u00edfico, impuls\u00f3 el desarrollo de un&#8230;<\/p>\n","protected":false},"author":1,"featured_media":21972,"comment_status":"open","ping_status":"closed","sticky":false,"template":"","format":"standard","meta":{"footnotes":""},"categories":[5],"tags":[],"class_list":["post-21970","post","type-post","status-publish","format-standard","has-post-thumbnail","hentry","category-internacional"],"_links":{"self":[{"href":"https:\/\/sacramentoqr.com\/index.php?rest_route=\/wp\/v2\/posts\/21970","targetHints":{"allow":["GET"]}}],"collection":[{"href":"https:\/\/sacramentoqr.com\/index.php?rest_route=\/wp\/v2\/posts"}],"about":[{"href":"https:\/\/sacramentoqr.com\/index.php?rest_route=\/wp\/v2\/types\/post"}],"author":[{"embeddable":true,"href":"https:\/\/sacramentoqr.com\/index.php?rest_route=\/wp\/v2\/users\/1"}],"replies":[{"embeddable":true,"href":"https:\/\/sacramentoqr.com\/index.php?rest_route=%2Fwp%2Fv2%2Fcomments&post=21970"}],"version-history":[{"count":1,"href":"https:\/\/sacramentoqr.com\/index.php?rest_route=\/wp\/v2\/posts\/21970\/revisions"}],"predecessor-version":[{"id":21971,"href":"https:\/\/sacramentoqr.com\/index.php?rest_route=\/wp\/v2\/posts\/21970\/revisions\/21971"}],"wp:featuredmedia":[{"embeddable":true,"href":"https:\/\/sacramentoqr.com\/index.php?rest_route=\/wp\/v2\/media\/21972"}],"wp:attachment":[{"href":"https:\/\/sacramentoqr.com\/index.php?rest_route=%2Fwp%2Fv2%2Fmedia&parent=21970"}],"wp:term":[{"taxonomy":"category","embeddable":true,"href":"https:\/\/sacramentoqr.com\/index.php?rest_route=%2Fwp%2Fv2%2Fcategories&post=21970"},{"taxonomy":"post_tag","embeddable":true,"href":"https:\/\/sacramentoqr.com\/index.php?rest_route=%2Fwp%2Fv2%2Ftags&post=21970"}],"curies":[{"name":"wp","href":"https:\/\/api.w.org\/{rel}","templated":true}]}}