{"id":21997,"date":"2024-03-22T12:02:32","date_gmt":"2024-03-22T17:02:32","guid":{"rendered":"https:\/\/sacramentoqr.com\/?p=21997"},"modified":"2024-03-22T17:02:34","modified_gmt":"2024-03-22T17:02:34","slug":"valoren-la-vida-eduardo-strauch-sobreviviente-de-los-andes-sube-la-malinche-con-grupo-de-personas","status":"publish","type":"post","link":"https:\/\/sacramentoqr.com\/?p=21997","title":{"rendered":"\u201cValoren la vida\u201d: Eduardo Strauch, sobreviviente de Los Andes, sube la Malinche con grupo de personas"},"content":{"rendered":"<p>Eduardo Strauch, uno de los sobrevivientes del accidente de Los Andes ocurrido el 13 de octubre de 1972, subi\u00f3 la Malinche, en Tlaxcala, y comparti\u00f3 con 16 personas algunas an\u00e9cdotas y consejos sobre la vida.<\/p>\n<p>Adem\u00e1s de ser una de las piezas clave en la historia de sobrevivencia de uno de los accidentes m\u00e1s tr\u00e1gicos de todos los tiempos, Eduardo Strauch es uno de los principales responsables de que los sobrevivientes de Los Andes puedan hoy contar su historia.<\/p>\n<p>Junto con sus primos tomaron la dif\u00edcil decisi\u00f3n de alimentarse de los restos de quienes no lograron sobrevivir y de proveer a sus compa\u00f1eros de tragedia.<\/p>\n<p>\u201cAgradezco haber vivido esta experiencia, terriblemente dura, dif\u00edcil, pero a trav\u00e9s de los a\u00f1os le he ido sacando partido, me he ido vengando de la monta\u00f1a, sigo aprovechando, sintiendo que la monta\u00f1a me sigue nutriendo, me ha devuelto una cantidad de amigos, me ha quitado muchos en aquel momento\u201d.<\/p>\n<p>Dijo Eduardo Strauch.<\/p>\n<p>La vida le dio la oportunidad de pasar a la historia y ser arquitecto, jugador de rugby, pintor y escritor.<\/p>\n<p>Eduardo Strauch, sobreviviente de Los Andes, sube monta\u00f1a en M\u00e9xico<br \/>\nEste fin de semana, Eduardo Strauch regres\u00f3 a la monta\u00f1a, pero en esta ocasi\u00f3n en M\u00e9xico.<\/p>\n<p>Estuvo acompa\u00f1ado de otras personas, como Pachi, un alpinsta que es amigo suyo desde hace 20 a\u00f1os; un grupo, parad\u00f3jicamente de 16 personas, convivieron y aprendieron, en primera persona, de quien pr\u00e1cticamente lo ha vencido todo.<\/p>\n<p>Una de las personas que tuvo la oportunidad de vivir esa experiencia es Ana Sof\u00eda. Es madre de un peque\u00f1o de 5 a\u00f1os y perdi\u00f3 a su esposo esperando un trasplante de coraz\u00f3n.<\/p>\n<p>Encontr\u00f3 la inspiraci\u00f3n para seguir adelante gracias a la historia de los sobrevivientes de Los Andes.<\/p>\n<p>Solo as\u00ed venci\u00f3 su propia cordillera: cre\u00f3 la fundaci\u00f3n Un Coraz\u00f3n para Jos\u00e9 y su vida volvi\u00f3 a tener sentido.<\/p>\n<p>Eduardo Strauch regreso a Uruguay, no sin antes dejar un mensaje a las personas que lo acompa\u00f1aron en esta expedici\u00f3n.<\/p>\n<p>\u201cQue valoren la vida, es lo m\u00e1s valioso que tenemos, es lo \u00fanico seguro que tenemos y que siempre podemos ir m\u00e1s all\u00e1 del l\u00edmite que pensamos que tenemos, ser felices es m\u00e1s f\u00e1cil de los que uno cree\u201d.<\/p>\n<p>Eduardo Strauch.<\/p>\n","protected":false},"excerpt":{"rendered":"<p>Eduardo Strauch, uno de los sobrevivientes del accidente de Los Andes ocurrido el 13 de&#8230;<\/p>\n","protected":false},"author":1,"featured_media":21999,"comment_status":"open","ping_status":"closed","sticky":false,"template":"","format":"standard","meta":{"footnotes":""},"categories":[4],"tags":[],"class_list":["post-21997","post","type-post","status-publish","format-standard","has-post-thumbnail","hentry","category-espectaculos"],"_links":{"self":[{"href":"https:\/\/sacramentoqr.com\/index.php?rest_route=\/wp\/v2\/posts\/21997","targetHints":{"allow":["GET"]}}],"collection":[{"href":"https:\/\/sacramentoqr.com\/index.php?rest_route=\/wp\/v2\/posts"}],"about":[{"href":"https:\/\/sacramentoqr.com\/index.php?rest_route=\/wp\/v2\/types\/post"}],"author":[{"embeddable":true,"href":"https:\/\/sacramentoqr.com\/index.php?rest_route=\/wp\/v2\/users\/1"}],"replies":[{"embeddable":true,"href":"https:\/\/sacramentoqr.com\/index.php?rest_route=%2Fwp%2Fv2%2Fcomments&post=21997"}],"version-history":[{"count":1,"href":"https:\/\/sacramentoqr.com\/index.php?rest_route=\/wp\/v2\/posts\/21997\/revisions"}],"predecessor-version":[{"id":21998,"href":"https:\/\/sacramentoqr.com\/index.php?rest_route=\/wp\/v2\/posts\/21997\/revisions\/21998"}],"wp:featuredmedia":[{"embeddable":true,"href":"https:\/\/sacramentoqr.com\/index.php?rest_route=\/wp\/v2\/media\/21999"}],"wp:attachment":[{"href":"https:\/\/sacramentoqr.com\/index.php?rest_route=%2Fwp%2Fv2%2Fmedia&parent=21997"}],"wp:term":[{"taxonomy":"category","embeddable":true,"href":"https:\/\/sacramentoqr.com\/index.php?rest_route=%2Fwp%2Fv2%2Fcategories&post=21997"},{"taxonomy":"post_tag","embeddable":true,"href":"https:\/\/sacramentoqr.com\/index.php?rest_route=%2Fwp%2Fv2%2Ftags&post=21997"}],"curies":[{"name":"wp","href":"https:\/\/api.w.org\/{rel}","templated":true}]}}