{"id":22012,"date":"2024-03-23T11:09:42","date_gmt":"2024-03-23T16:09:42","guid":{"rendered":"https:\/\/sacramentoqr.com\/?p=22012"},"modified":"2024-03-23T16:09:44","modified_gmt":"2024-03-23T16:09:44","slug":"miguel-layun-cree-que-jaime-lozano-debe-permanecer-al-menos-hasta-despues-de-copa-america","status":"publish","type":"post","link":"https:\/\/sacramentoqr.com\/?p=22012","title":{"rendered":"Miguel Lay\u00fan cree que Jaime Lozano debe permanecer al menos hasta despu\u00e9s de Copa Am\u00e9rica"},"content":{"rendered":"<p>La continuidad de Jaime Lozano como entrenador de la Selecci\u00f3n Mexicana sigue dando que hablar. Tras lograr su pase a la Final de la Nations League de la Concacaf, el estratega parece haber calmado algunas cr\u00edticas.<\/p>\n<p>Ahora Lay\u00fan es el \u00faltimo en hablar sobre la permanencia del entrenador. El exfutbolista considera que Jimmy deber\u00eda quedarse al mando del equipo hasta el Mundial, sin embargo, podr\u00edan evaluar su desempe\u00f1o una vez terminada la Copa Am\u00e9rica.<\/p>\n<p>\u201cDespu\u00e9s de Copa Am\u00e9rica si quieres evaluar, que tampoco lo comparto, me dar\u00eda un poquito m\u00e1s de sentido, pero es que, insisto, \u00bfvamos a ir partido a partido evaluando cada vez que juega la Selecci\u00f3n Mexicana la continuidad del t\u00e9cnico?\u201d, coment\u00f3 Lay\u00fan en el programa \u2018Tricolor al d\u00eda\u2019.<\/p>\n<p>Asimismo, respondi\u00f3 ante las criticas que ha recibido el DT por no meter a Santiago Gim\u00e9nez al partido ante Panam\u00e1. Seg\u00fan comenta Lay\u00fan, Jimmy no ha tomado decisiones correctas sobre sus alineaciones.<\/p>\n<p>\u201cCu\u00e1ndo vamos a pensar en c\u00f3mo crear algo para el objetivo real, porque, insisto, \u00bfqu\u00e9 hubiera pasado si ayer el \u2018Jimmy\u2019 Lozano mete jugadores para darles minutos en selecci\u00f3n y pierde? \u00bfQu\u00e9 pasa? Si \u00e9l est\u00e1 creyendo que es lo mejor para llegar mejor preparados a la Copa Am\u00e9rica y posteriormente preparar mejor el Mundial \u00bfPor qu\u00e9 estar\u00eda mal?\u201d, finaliz\u00f3 el exfutbolista.<\/p>\n","protected":false},"excerpt":{"rendered":"<p>La continuidad de Jaime Lozano como entrenador de la Selecci\u00f3n Mexicana sigue dando que hablar&#8230;.<\/p>\n","protected":false},"author":1,"featured_media":22014,"comment_status":"open","ping_status":"closed","sticky":false,"template":"","format":"standard","meta":{"footnotes":""},"categories":[3],"tags":[],"class_list":["post-22012","post","type-post","status-publish","format-standard","has-post-thumbnail","hentry","category-deportes"],"_links":{"self":[{"href":"https:\/\/sacramentoqr.com\/index.php?rest_route=\/wp\/v2\/posts\/22012","targetHints":{"allow":["GET"]}}],"collection":[{"href":"https:\/\/sacramentoqr.com\/index.php?rest_route=\/wp\/v2\/posts"}],"about":[{"href":"https:\/\/sacramentoqr.com\/index.php?rest_route=\/wp\/v2\/types\/post"}],"author":[{"embeddable":true,"href":"https:\/\/sacramentoqr.com\/index.php?rest_route=\/wp\/v2\/users\/1"}],"replies":[{"embeddable":true,"href":"https:\/\/sacramentoqr.com\/index.php?rest_route=%2Fwp%2Fv2%2Fcomments&post=22012"}],"version-history":[{"count":1,"href":"https:\/\/sacramentoqr.com\/index.php?rest_route=\/wp\/v2\/posts\/22012\/revisions"}],"predecessor-version":[{"id":22013,"href":"https:\/\/sacramentoqr.com\/index.php?rest_route=\/wp\/v2\/posts\/22012\/revisions\/22013"}],"wp:featuredmedia":[{"embeddable":true,"href":"https:\/\/sacramentoqr.com\/index.php?rest_route=\/wp\/v2\/media\/22014"}],"wp:attachment":[{"href":"https:\/\/sacramentoqr.com\/index.php?rest_route=%2Fwp%2Fv2%2Fmedia&parent=22012"}],"wp:term":[{"taxonomy":"category","embeddable":true,"href":"https:\/\/sacramentoqr.com\/index.php?rest_route=%2Fwp%2Fv2%2Fcategories&post=22012"},{"taxonomy":"post_tag","embeddable":true,"href":"https:\/\/sacramentoqr.com\/index.php?rest_route=%2Fwp%2Fv2%2Ftags&post=22012"}],"curies":[{"name":"wp","href":"https:\/\/api.w.org\/{rel}","templated":true}]}}