{"id":22015,"date":"2024-03-23T12:32:18","date_gmt":"2024-03-23T17:32:18","guid":{"rendered":"https:\/\/sacramentoqr.com\/?p=22015"},"modified":"2024-03-23T17:32:20","modified_gmt":"2024-03-23T17:32:20","slug":"abogado-de-kalimba-niega-que-haya-orden-de-aprehension-y-que-se-trate-de-un-caso-nuevo-de-abuso","status":"publish","type":"post","link":"https:\/\/sacramentoqr.com\/?p=22015","title":{"rendered":"Abogado de Kalimba niega que haya orden de aprehensi\u00f3n y que se trate de un caso nuevo de abuso"},"content":{"rendered":"<p>Este viernes, el periodista Carlos Jim\u00e9nez dio a conocer que presuntamente, Kalimba volvi\u00f3 a ser acusado de abuso sexual, por lo que la Fiscal\u00eda General de Justicia de la Ciudad de M\u00e9xico (FGJ-CDMX) buscar\u00eda llevarlo a prisi\u00f3n, pero poco despu\u00e9s, el abogado del cantante aclar\u00f3 lo que realmente est\u00e1 ocurriendo.<\/p>\n<p>Lo acusa de agredir en 3 ocasiones a una joven que trabajaba con \u00e9l. La Fiscal\u00eda para Delitos Sexuales concluy\u00f3 que la v\u00edctima presenta afectaci\u00f3n producto de sus agresiones\u00bb<\/p>\n<p>Fue en la emisi\u00f3n de este viernes en el programa De Primera Mano donde Eliser Garc\u00eda, abogado de Kalimba, lo entrevist\u00f3 para aclarar qu\u00e9 est\u00e1 ocurriendo con el cantante, pues fue en marzo de 2023 cuando fue se\u00f1alado de presuntamente abusar de una joven.<\/p>\n<p>Esta denuncia de la que se est\u00e1 hablando en redes, a trav\u00e9s del tuit que comentas, se trata de la misma causa, de la misma denuncia penal interpuesta el a\u00f1o pasado en contra de Kalimba (&#8230;) Podr\u00eda parecer que se trata de un tema novedoso, algo nuevo, no es as\u00ed, te lo descarto, tambi\u00e9n te puedo descartar que haya una orden de aprehensi\u00f3n en su contra\u00bb<\/p>\n<p>De este modo, el abogado del cantante mencion\u00f3 que lo que s\u00ed hay es una citaci\u00f3n por parte de un juez de control penal de la CDMX que es una continuaci\u00f3n del mismo proceso, ya que llama a ambas partes para definir si hay elementos para procesar a Kalimba.<\/p>\n<p>Lo que ha ocurrido el \u00faltimo a\u00f1o ha sido una serie de diligencias ante la Fiscal\u00eda General de la Ciudad de M\u00e9xico en la cual se han desahogado algunas puertas, obviamente la defensa del cantante que yo encabezo y mediante las cuales se integr\u00f3 un expediente. Hoy la Fiscal\u00eda General de la Rep\u00fablica hace un par de semanas, decide poner ya en manos de un juez de control penal, el expediente para que analice las pruebas aportadas por ambas partes y con ello tomar una decisi\u00f3n\u00bb<\/p>\n<p>Asimismo, Eliser Garc\u00eda dej\u00f3 claro que a\u00fan est\u00e1n lejos de que haya una sentencia porque ni siquiera ha iniciado un proceso legal es decir, una vinculaci\u00f3n a proceso y refiri\u00f3 que \u00abKalimba est\u00e1 muy tranquilo\u00bb.<\/p>\n<p>En marzo de 2023, la cantante Melissa Galindo revel\u00f3 en una transmisi\u00f3n en vivo que hizo en Instagram que Kalimba la toc\u00f3 en repetidas ocasiones sin su consentimiento, esto ocurri\u00f3 en 2020 durante un concierto del cantante en Monterrey.<\/p>\n<p>Y es que Melissa abri\u00f3 el concierto de Kalimba, pero despu\u00e9s del show, el int\u00e9rprete de \u00abDuele\u00bb la habr\u00eda tocado sus partes \u00edntimas en la camioneta a pesar de que ella presuntamente no quer\u00eda, fue as\u00ed como decidi\u00f3 terminar la relaci\u00f3n laboral con el tambi\u00e9n actor de doblaje y emprendi\u00f3 acciones legales en su contra.<\/p>\n<p>Sobre estas acusaciones, Kalimba Marichal public\u00f3 un comunicado en sus redes sociales:<\/p>\n<p>Niego categ\u00f3ricamente las manifestaciones realizadas en mi contra. Demostrar\u00e9 con pruebas y ante las autoridades la falsedad de estas acusaciones de la mano de mi equipo legal\u00bb<\/p>\n","protected":false},"excerpt":{"rendered":"<p>Este viernes, el periodista Carlos Jim\u00e9nez dio a conocer que presuntamente, Kalimba volvi\u00f3 a ser&#8230;<\/p>\n","protected":false},"author":1,"featured_media":22017,"comment_status":"open","ping_status":"closed","sticky":false,"template":"","format":"standard","meta":{"footnotes":""},"categories":[4],"tags":[],"class_list":["post-22015","post","type-post","status-publish","format-standard","has-post-thumbnail","hentry","category-espectaculos"],"_links":{"self":[{"href":"https:\/\/sacramentoqr.com\/index.php?rest_route=\/wp\/v2\/posts\/22015","targetHints":{"allow":["GET"]}}],"collection":[{"href":"https:\/\/sacramentoqr.com\/index.php?rest_route=\/wp\/v2\/posts"}],"about":[{"href":"https:\/\/sacramentoqr.com\/index.php?rest_route=\/wp\/v2\/types\/post"}],"author":[{"embeddable":true,"href":"https:\/\/sacramentoqr.com\/index.php?rest_route=\/wp\/v2\/users\/1"}],"replies":[{"embeddable":true,"href":"https:\/\/sacramentoqr.com\/index.php?rest_route=%2Fwp%2Fv2%2Fcomments&post=22015"}],"version-history":[{"count":1,"href":"https:\/\/sacramentoqr.com\/index.php?rest_route=\/wp\/v2\/posts\/22015\/revisions"}],"predecessor-version":[{"id":22016,"href":"https:\/\/sacramentoqr.com\/index.php?rest_route=\/wp\/v2\/posts\/22015\/revisions\/22016"}],"wp:featuredmedia":[{"embeddable":true,"href":"https:\/\/sacramentoqr.com\/index.php?rest_route=\/wp\/v2\/media\/22017"}],"wp:attachment":[{"href":"https:\/\/sacramentoqr.com\/index.php?rest_route=%2Fwp%2Fv2%2Fmedia&parent=22015"}],"wp:term":[{"taxonomy":"category","embeddable":true,"href":"https:\/\/sacramentoqr.com\/index.php?rest_route=%2Fwp%2Fv2%2Fcategories&post=22015"},{"taxonomy":"post_tag","embeddable":true,"href":"https:\/\/sacramentoqr.com\/index.php?rest_route=%2Fwp%2Fv2%2Ftags&post=22015"}],"curies":[{"name":"wp","href":"https:\/\/api.w.org\/{rel}","templated":true}]}}