{"id":22057,"date":"2024-03-26T11:01:12","date_gmt":"2024-03-26T16:01:12","guid":{"rendered":"https:\/\/sacramentoqr.com\/?p=22057"},"modified":"2024-03-26T16:01:14","modified_gmt":"2024-03-26T16:01:14","slug":"mexico-acoge-el-mayor-festival-de-murcielagos-en-el-bosque-de-chapultepec","status":"publish","type":"post","link":"https:\/\/sacramentoqr.com\/?p=22057","title":{"rendered":"M\u00e9xico acoge el \u201cmayor\u201d festival de murci\u00e9lagos en el Bosque de Chapultepec"},"content":{"rendered":"<p>M\u00e9xico acoge, del 28 al 31 de marzo, el Festival del Bosque\u2013Quir\u00f3ptera, el m\u00e1s grande a nivel mundial sobre murci\u00e9lagos y donde sus visitantes descubrir\u00e1n \u201cla maravilla que son\u201d, tal y como expres\u00f3 el conservacionista experto en esta especie Rodrigo Medell\u00edn.<\/p>\n<p>\u201cEste es el festival de mayores dimensiones hist\u00f3ricas y planetarias y nunca en el pasado se ha integrado un esfuerzo tan enorme como para atraer a dos millones de personas, esperamos, que estar\u00e1n hablando de murci\u00e9lagos\u201d, se congratul\u00f3 en la conferencia de prensa del festival.<\/p>\n<p>La feria, que llega a su tercera edici\u00f3n, se celebrar\u00e1 en el legendario Bosque de Chapultepec y contar\u00e1 con m\u00e1s de 200 actividades dedicadas a la divulgaci\u00f3n del conocimiento sobre los murci\u00e9lagos, como obras de teatro, conferencias y exposiciones.<\/p>\n<p>El experto anim\u00f3 a la ciudadan\u00eda a acudir al evento, pues descubrir\u00e1 \u201cla maravilla que son\u201d los murci\u00e9lagos y las m\u00e1s de mil 400 variedades que hay en el mundo, 20 de las cuales se pueden observar en la Ciudad de M\u00e9xico.<\/p>\n<p>Entre estas, figuran las que se alimentan de sangre.<\/p>\n<p>\u201cHay tres especies que se comen sangre. (\u2026) Son los hemat\u00f3fagos o murci\u00e9lagos vampiros\u201d, detall\u00f3 Medell\u00edn, que dedic\u00f3 su intervenci\u00f3n a desmontar mitos alrededor de este animal.<\/p>\n<p>De ellos, destac\u00f3 no son ciegos, que no son potenciales transmisores de la rabia y que, en el caso de padecerla, se a\u00edslan de sus colonias para evitar el contagio.<\/p>\n<p>\u201cHoy sabemos que el rango de murci\u00e9lagos que pudiera tener la rabia en un momento dado va del 0,5 al 5 %\u201d, se\u00f1al\u00f3.<\/p>\n<p>Adem\u00e1s, asegur\u00f3 que hay un \u201cgremio de pseudo acad\u00e9micos\u201d, motivados por \u201cdinero\u201d, que se dedican a \u201cacusar\u201d a este animal de \u201ctraer todos los pat\u00f3genos\u201d a partir de la relaci\u00f3n hist\u00f3rica entre los murci\u00e9lagos y la humanidad.<\/p>\n<p>\u201cEst\u00e1n muy embebidos en nuestra mente porque, cuando empezamos a ser seres humanos, viv\u00edamos en cuevas y coexist\u00edamos con murci\u00e9lagos. La noche siempre nos ha espantando, es el momento en que los depredadores nos agarran, (\u2026) hasta la fecha, nos da miedo la noche y nos dan miedo los murci\u00e9lagos\u201d, explic\u00f3.<\/p>\n<p>Medell\u00edn puso en valor los beneficios que los murci\u00e9lagos aportan al ecosistema y a la vida humana, como el \u201ccontrol de plagas\u201d que ejercen o la dispersi\u00f3n de semillas para polinizar numerosas plantas, como el maguey o agave, con la que se produce el mezcal, tradicional bebida alcoh\u00f3lica mexicana.<\/p>\n<p>\u201cHoy tenemos los grandes bosques que tenemos porque son los murci\u00e9lagos los que est\u00e1n regenerando nuestros bosques\u201d, asever\u00f3, e ironiz\u00f3 que, con esto, no se necesita el programa gubernamental en materia agr\u00edcola \u2018Sembrando Vida\u2019, sino \u201cproteger\u201d a esta especie.<\/p>\n<p>El Festival del Bosque est\u00e1 organizado por la Secretar\u00eda del Medio Ambiente del Gobierno de la Ciudad de M\u00e9xico, as\u00ed como por el Instituto de Ecolog\u00eda de la Universidad Nacional Aut\u00f3noma de M\u00e9xico (UNAM) y la Fundaci\u00f3n Coppel, entre otros organismos.<\/p>\n","protected":false},"excerpt":{"rendered":"<p>M\u00e9xico acoge, del 28 al 31 de marzo, el Festival del Bosque\u2013Quir\u00f3ptera, el m\u00e1s grande&#8230;<\/p>\n","protected":false},"author":1,"featured_media":22059,"comment_status":"open","ping_status":"closed","sticky":false,"template":"","format":"standard","meta":{"footnotes":""},"categories":[7],"tags":[],"class_list":["post-22057","post","type-post","status-publish","format-standard","has-post-thumbnail","hentry","category-nacional"],"_links":{"self":[{"href":"https:\/\/sacramentoqr.com\/index.php?rest_route=\/wp\/v2\/posts\/22057","targetHints":{"allow":["GET"]}}],"collection":[{"href":"https:\/\/sacramentoqr.com\/index.php?rest_route=\/wp\/v2\/posts"}],"about":[{"href":"https:\/\/sacramentoqr.com\/index.php?rest_route=\/wp\/v2\/types\/post"}],"author":[{"embeddable":true,"href":"https:\/\/sacramentoqr.com\/index.php?rest_route=\/wp\/v2\/users\/1"}],"replies":[{"embeddable":true,"href":"https:\/\/sacramentoqr.com\/index.php?rest_route=%2Fwp%2Fv2%2Fcomments&post=22057"}],"version-history":[{"count":1,"href":"https:\/\/sacramentoqr.com\/index.php?rest_route=\/wp\/v2\/posts\/22057\/revisions"}],"predecessor-version":[{"id":22058,"href":"https:\/\/sacramentoqr.com\/index.php?rest_route=\/wp\/v2\/posts\/22057\/revisions\/22058"}],"wp:featuredmedia":[{"embeddable":true,"href":"https:\/\/sacramentoqr.com\/index.php?rest_route=\/wp\/v2\/media\/22059"}],"wp:attachment":[{"href":"https:\/\/sacramentoqr.com\/index.php?rest_route=%2Fwp%2Fv2%2Fmedia&parent=22057"}],"wp:term":[{"taxonomy":"category","embeddable":true,"href":"https:\/\/sacramentoqr.com\/index.php?rest_route=%2Fwp%2Fv2%2Fcategories&post=22057"},{"taxonomy":"post_tag","embeddable":true,"href":"https:\/\/sacramentoqr.com\/index.php?rest_route=%2Fwp%2Fv2%2Ftags&post=22057"}],"curies":[{"name":"wp","href":"https:\/\/api.w.org\/{rel}","templated":true}]}}