{"id":22096,"date":"2024-03-29T09:37:44","date_gmt":"2024-03-29T14:37:44","guid":{"rendered":"https:\/\/sacramentoqr.com\/?p=22096"},"modified":"2024-03-29T14:37:46","modified_gmt":"2024-03-29T14:37:46","slug":"andres-lillini-busca-implementar-plan-para-detectar-joven-talento-mexicano","status":"publish","type":"post","link":"https:\/\/sacramentoqr.com\/?p=22096","title":{"rendered":"Andr\u00e9s Lillini busca implementar plan para detectar joven talento mexicano"},"content":{"rendered":"<p>Andr\u00e9s Lillini sabe que el talento mexicano ha empezado a bajar de nivel, por lo que considera necesario crear un plan para detectar j\u00f3venes futbolistas que puedan representar a la Selecci\u00f3n Mexicana desde temprana edad.<\/p>\n<p>El director de Selecciones Nacionales Menores asegur\u00f3 que es necesario monitorear a los j\u00f3venes en el extranjero o que puedan tener la doble nacionalidad. El argentino revel\u00f3 que ya han empezado a llamar a jugadores con participaci\u00f3n en equipos europeos.<\/p>\n<p>\u201cHicimos un padr\u00f3n de todo el futbolista mexicano que est\u00e1 en el extranjero. En lo que es Europa, los tenemos m\u00e1s identificados, hemos tenido jugadores del Elche, hemos tra\u00eddo a (Nicol\u00e1s) Carrera, que es un chico que est\u00e1 decidi\u00e9ndose entre Estados Unidos y nosotros, que juega en Alemania, y ahora han salido dos jugadores que est\u00e1n en Holanda\u201d, revel\u00f3 para AS.<\/p>\n<p>De acuerdo con Lillini es necesario que integrara a los j\u00f3venes desde las categor\u00edas 13 o 15, para que vayan trabajando bajo la federaci\u00f3n y as\u00ed est\u00e9n listos para los primeros torneos que empiezan a partir de los 17 a\u00f1os.<\/p>\n<p>\u201cHay que hacer una captaci\u00f3n a partir de los 15 a\u00f1os porque si no ya es tarde, en Sub-17 empiezan los Mundiales y empiezan las convocatorias oficiales de las federaciones. Entonces, ah\u00ed ya el jugador empieza en torneos oficiales de FIFA y luego si quiere cambiar es una situaci\u00f3n dif\u00edcil, entonces hay que hacer un seguimiento muy exhaustivo a los 15 y antes de los 17 a\u00f1os. La categor\u00eda de la 15 es fundamental en nuestro trabajo y en nuestra pir\u00e1mide\u201d, finaliz\u00f3.<\/p>\n<p>&nbsp;<\/p>\n<p>&nbsp;<\/p>\n","protected":false},"excerpt":{"rendered":"<p>Andr\u00e9s Lillini sabe que el talento mexicano ha empezado a bajar de nivel, por lo&#8230;<\/p>\n","protected":false},"author":1,"featured_media":22098,"comment_status":"open","ping_status":"closed","sticky":false,"template":"","format":"standard","meta":{"footnotes":""},"categories":[3],"tags":[],"class_list":["post-22096","post","type-post","status-publish","format-standard","has-post-thumbnail","hentry","category-deportes"],"_links":{"self":[{"href":"https:\/\/sacramentoqr.com\/index.php?rest_route=\/wp\/v2\/posts\/22096","targetHints":{"allow":["GET"]}}],"collection":[{"href":"https:\/\/sacramentoqr.com\/index.php?rest_route=\/wp\/v2\/posts"}],"about":[{"href":"https:\/\/sacramentoqr.com\/index.php?rest_route=\/wp\/v2\/types\/post"}],"author":[{"embeddable":true,"href":"https:\/\/sacramentoqr.com\/index.php?rest_route=\/wp\/v2\/users\/1"}],"replies":[{"embeddable":true,"href":"https:\/\/sacramentoqr.com\/index.php?rest_route=%2Fwp%2Fv2%2Fcomments&post=22096"}],"version-history":[{"count":1,"href":"https:\/\/sacramentoqr.com\/index.php?rest_route=\/wp\/v2\/posts\/22096\/revisions"}],"predecessor-version":[{"id":22097,"href":"https:\/\/sacramentoqr.com\/index.php?rest_route=\/wp\/v2\/posts\/22096\/revisions\/22097"}],"wp:featuredmedia":[{"embeddable":true,"href":"https:\/\/sacramentoqr.com\/index.php?rest_route=\/wp\/v2\/media\/22098"}],"wp:attachment":[{"href":"https:\/\/sacramentoqr.com\/index.php?rest_route=%2Fwp%2Fv2%2Fmedia&parent=22096"}],"wp:term":[{"taxonomy":"category","embeddable":true,"href":"https:\/\/sacramentoqr.com\/index.php?rest_route=%2Fwp%2Fv2%2Fcategories&post=22096"},{"taxonomy":"post_tag","embeddable":true,"href":"https:\/\/sacramentoqr.com\/index.php?rest_route=%2Fwp%2Fv2%2Ftags&post=22096"}],"curies":[{"name":"wp","href":"https:\/\/api.w.org\/{rel}","templated":true}]}}