{"id":22117,"date":"2024-03-30T13:45:06","date_gmt":"2024-03-30T18:45:06","guid":{"rendered":"https:\/\/sacramentoqr.com\/?p=22117"},"modified":"2024-03-30T18:45:08","modified_gmt":"2024-03-30T18:45:08","slug":"astrid-rondero-y-fernanda-valadez-victimas-de-extorsion-durante-rodaje-de-sujo","status":"publish","type":"post","link":"https:\/\/sacramentoqr.com\/?p=22117","title":{"rendered":"Astrid Rondero y Fernanda Valadez, v\u00edctimas de extorsi\u00f3n durante rodaje de \u2018Sujo\u2019"},"content":{"rendered":"<p>El s\u00e9ptimo arte no se salva ante la impunidad, y durante el rodaje de la cinta Sujo, reconocida en festivales como Sundance y Toulouse, las directoras Astrid Rondero y Fernanda Valadez fueron v\u00edctimas de extorsi\u00f3n por parte del crimen organizado.<\/p>\n<p>Tuvimos una situaci\u00f3n de extorsi\u00f3n. Es una historia, la verdad, en el fondo muy rid\u00edcula, pero que tiene la extorsi\u00f3n de un lugar donde est\u00e1bamos pagando el servicio de alimentaci\u00f3n para cobrarnos cosas que no estaban pactadas y es como el tipo de situaciones en donde en vez de poderlo hablar y negociar, nos llegaron con un grupo armado y nos tuvieron secuestradas tres horas\u201d, cont\u00f3 Fernanda Valadez, directora de la cinta Sin se\u00f1as particulares, escrita y producida por Astrid Rondero, en entrevista con Exc\u00e9lsior.<\/p>\n<p>La angustia que ambas vivieron junto a su equipo de producci\u00f3n durante esos 180 minutos en que un grupo armado las tuvo retenidas, afortunadamente lleg\u00f3 a buen puerto, sin embargo, el susto, la preocupaci\u00f3n y la incredulidad ante lo que vivieron, quedar\u00e1 en sus mentes.<\/p>\n<p>La verdad es que tuvimos la suerte de que cont\u00e1bamos con todo el apoyo de la Secretar\u00eda de Turismo de Guanajuato y de todo el estado de Guanajuato y se portaron o se portan muy bien con los realizadores, con los cineastas y con los equipos de filmaci\u00f3n, son muy cuidados y asisten en todo el proceso. \u00c9stas son cosas que suceden en todo el pa\u00eds, no es algo espec\u00edfico de Guanajuato, y gracias a esa cercan\u00eda y ese cuidado que ten\u00edan con nosotras, pudimos comunicarnos con ellos, llamaron a la Guardia Nacional y gracias a la intervenci\u00f3n de ellos es que todo se pudo resolver\u201d, complement\u00f3 a Rondero.<\/p>\n<p>Ambientada en el estado de Michoac\u00e1n (aunque filmada en Guanajuato, de donde es originaria Valadez) Sujo se centra en la historia de un ni\u00f1o, hu\u00e9rfano por el crimen organizado, que con el paso de los a\u00f1os, trata de cambiar su destino y de ver su vida con esperanza, ayudado por gente que busca hacer la diferencia, ante el panorama de violencia que se vive en el pa\u00eds.<\/p>\n<p>Justo mientras est\u00e1bamos buscando locaciones y haciendo casting en Guanajuato para Sin se\u00f1as particulares, nos dimos cuenta de una realidad muy adversa de j\u00f3venes, ni\u00f1os, que ya hab\u00edan nacido en esta crisis de violencia a la que nosotras llegamos a la edad adulta y que s\u00ed recordamos, o bueno, yo recuerdo, un Guanajuato muy distinto, un M\u00e9xico donde siempre ha habido narcotr\u00e1fico, pero donde no hab\u00eda esta crisis humanitaria ni esta desesperanza para la juventud. Pensando en esa necesidad de decir que debe haber algo distinto, quer\u00edamos ponerle un poco de esperanza a esta historia que Astrid empez\u00f3 a escribir. En ese momento ella estaba leyendo libros de Javier Valdez, Javier todav\u00eda no hab\u00eda sido asesinado, y se encontr\u00f3 con su libro Los hu\u00e9rfanos del narco y yo creo que eso fue poniendo todos los elementos de esta historia que se convirti\u00f3 en esta pel\u00edcula\u201d, explic\u00f3 Valadez.<\/p>\n<p>Gracias a este filme, el primero que dirigen juntas, las cineastas conquistaron en enero al jurado del Festival de Cine de Sundance, que les otorg\u00f3 el Gran Premio del Jurado en la categor\u00eda de Pel\u00edcula Dram\u00e1tica Internacional.<\/p>\n<p>Hace unos d\u00edas, en el Festival de Cine de Bulgaria, Sujo se llev\u00f3 el Premio City of Sofia como Mejor Pel\u00edcula Internacional y en el Festival de Cin\u00e9latino de Toulouse, en Francia, obtuvo el Premio Cine+, que le garantiza la distribuci\u00f3n comercial en Francia, as\u00ed como el Premio Rail d\u2019 Oc-Prix des cheminots, otorgado a una \u00f3pera prima o segunda pel\u00edcula por los Ferroviarios Cin\u00e9filos. En M\u00e9xico, llegar\u00e1 a salas gracias a Cin\u00e9polis Distribuci\u00f3n.<\/p>\n<p>En Sundance, algo que fue muy bello, nos dijeron que en Sujo encontraban un lenguaje que nos comunica a todos, es decir, que es una historia muy espec\u00edfica que s\u00f3lo puede estar en un pa\u00eds que est\u00e1 totalmente sobrepasado por la violencia, pero al mismo tiempo tambi\u00e9n es la historia de un chico que busca encontrar qui\u00e9n es en un mundo actual donde le es muy dif\u00edcil que la gente lo vea por todo lo que puede ser y no por su pasado. Creo que eso conmovi\u00f3 mucho a la gente en Sundance\u201d, detall\u00f3 Astrid, egresada de la Escuela Nacional de Artes Cinematogr\u00e1ficas (ENAC).<\/p>\n<p>En su veredicto, el jurado de Sundance destac\u00f3 de Sujo: \u201csu impresionante creaci\u00f3n de un vocabulario cinematogr\u00e1fico propio y \u00fanico: el de una infancia nacida en torno a la violencia, pero protegida por el abrazo de mujeres, extra\u00f1os y familiares por igual\u201d.<\/p>\n<p>Al ser una historia que abarca varios a\u00f1os, Valadez y Rondero castearon para la cinta al ni\u00f1o Kevin Aguilar, quien le da vida a ese hu\u00e9rfano, hijo de un pistolero de un grupo del crimen organizado, as\u00ed como a Juan Jes\u00fas Varela, quien encarna al joven Sujo, el personaje central de la pel\u00edcula. A ellos se suma el trabajo actoral de Yadira P\u00e9rez, Alexis Varela, Karla Garrido, Sandra Lorenzano y Jairo Hern\u00e1ndez.<\/p>\n<p>Fernanda, de 42 a\u00f1os y Astrid, de 40 a\u00f1os, se han posicionado como dos de las cineastas mexicanas que han puesto en alto el nombre de M\u00e9xico y que han inspirado a otras j\u00f3venes a dedicarse al cine.<\/p>\n<p>Eso es una gran felicidad, pero tambi\u00e9n una toma de conciencia por dos lados: nosotras somos el resultado de much\u00edsimas mujeres y much\u00edsimas generaciones de mujeres que no tuvieron este foco y que no pudieron hacer todas las pel\u00edculas que debieron haber hecho si hubieran existido otras circunstancias. La otra es decir que es una obligaci\u00f3n nuestra seguir abriendo brecha, seguir manteniendo esta conversaci\u00f3n activa porque pareciera que s\u00f3lo porque en los \u00faltimos dos a\u00f1os ha habido muchas mujeres en el cine ya la deuda est\u00e1 saldada y no, no es as\u00ed. Es algo que se tiene que continuar activamente\u201d, relat\u00f3 Rondero, directora de Los d\u00edas m\u00e1s oscuros de nosotras.<\/p>\n<p>Todav\u00eda, en M\u00e9xico, no somos m\u00e1s de 30% de directoras en activo, aunque estemos ahorita muy en foco, por eso Astrid dice que la brecha no se ha roto. De las pel\u00edculas estrenadas menos de 30% son dirigidas por mujeres y si hablamos de fot\u00f3grafas, el n\u00famero es mucho menor. Entonces, es una labor que, aunque ya est\u00e1 en el foco p\u00fablico, es una labor que hay que seguir realizando para que, verdaderamente, lleguemos a la paridad y tengamos una industria donde no haya violencia\u201d, complement\u00f3 Valadez.<\/p>\n<p>En ese sentido, las realizadoras procuran que en cada rodaje en los equipos de producci\u00f3n predominen las mujeres.<\/p>\n<p>PARA SABER:<\/p>\n<p>Ganadora en Sundance del Gran Premio del Jurado en la categor\u00eda de Pel\u00edcula Dram\u00e1tica Internacional.<br \/>\nSe rod\u00f3 durante once semanas.<br \/>\nEs una coproducci\u00f3n entre M\u00e9xico, Francia y Estados Unidos.<br \/>\nLa cinta se estrenar\u00e1 en M\u00e9xico el 31 de octubre bajo el sello de Cin\u00e9polis Distribuci\u00f3n.<br \/>\nEl filme cont\u00f3 con el Est\u00edmulo Fiscal a Proyectos de Inversi\u00f3n en la Producci\u00f3n y Distribuci\u00f3n Cinematogr\u00e1fica Nacional (Eficine).<\/p>\n","protected":false},"excerpt":{"rendered":"<p>El s\u00e9ptimo arte no se salva ante la impunidad, y durante el rodaje de la&#8230;<\/p>\n","protected":false},"author":1,"featured_media":22119,"comment_status":"open","ping_status":"closed","sticky":false,"template":"","format":"standard","meta":{"footnotes":""},"categories":[4],"tags":[],"class_list":["post-22117","post","type-post","status-publish","format-standard","has-post-thumbnail","hentry","category-espectaculos"],"_links":{"self":[{"href":"https:\/\/sacramentoqr.com\/index.php?rest_route=\/wp\/v2\/posts\/22117","targetHints":{"allow":["GET"]}}],"collection":[{"href":"https:\/\/sacramentoqr.com\/index.php?rest_route=\/wp\/v2\/posts"}],"about":[{"href":"https:\/\/sacramentoqr.com\/index.php?rest_route=\/wp\/v2\/types\/post"}],"author":[{"embeddable":true,"href":"https:\/\/sacramentoqr.com\/index.php?rest_route=\/wp\/v2\/users\/1"}],"replies":[{"embeddable":true,"href":"https:\/\/sacramentoqr.com\/index.php?rest_route=%2Fwp%2Fv2%2Fcomments&post=22117"}],"version-history":[{"count":1,"href":"https:\/\/sacramentoqr.com\/index.php?rest_route=\/wp\/v2\/posts\/22117\/revisions"}],"predecessor-version":[{"id":22118,"href":"https:\/\/sacramentoqr.com\/index.php?rest_route=\/wp\/v2\/posts\/22117\/revisions\/22118"}],"wp:featuredmedia":[{"embeddable":true,"href":"https:\/\/sacramentoqr.com\/index.php?rest_route=\/wp\/v2\/media\/22119"}],"wp:attachment":[{"href":"https:\/\/sacramentoqr.com\/index.php?rest_route=%2Fwp%2Fv2%2Fmedia&parent=22117"}],"wp:term":[{"taxonomy":"category","embeddable":true,"href":"https:\/\/sacramentoqr.com\/index.php?rest_route=%2Fwp%2Fv2%2Fcategories&post=22117"},{"taxonomy":"post_tag","embeddable":true,"href":"https:\/\/sacramentoqr.com\/index.php?rest_route=%2Fwp%2Fv2%2Ftags&post=22117"}],"curies":[{"name":"wp","href":"https:\/\/api.w.org\/{rel}","templated":true}]}}